{"id":114,"date":"2023-06-01T21:17:03","date_gmt":"2023-06-01T21:17:03","guid":{"rendered":"https:\/\/asocimagina.tiendaonlineconfactusol.com\/?p=114"},"modified":"2023-06-14T20:18:30","modified_gmt":"2023-06-14T20:18:30","slug":"artequeando-continua","status":"publish","type":"post","link":"https:\/\/asociacionimagina.com\/index.php\/2023\/06\/01\/artequeando-continua\/","title":{"rendered":"\u00a1ARTEQUEANDO CONTIN\u00daA!"},"content":{"rendered":"\n<div class=\"wp-block-cover\"><span aria-hidden=\"true\" class=\"wp-block-cover__background has-background-dim\"><\/span><img fetchpriority=\"high\" decoding=\"async\" width=\"1024\" height=\"1024\" class=\"wp-block-cover__image-background wp-image-139\" alt=\"\" src=\"https:\/\/asociacionimagina.com\/wp-content\/uploads\/2023\/06\/noticias-artequeando-1-1024x1024.jpg\" data-object-fit=\"cover\" srcset=\"https:\/\/asociacionimagina.com\/wp-content\/uploads\/2023\/06\/noticias-artequeando-1-1024x1024.jpg 1024w, https:\/\/asociacionimagina.com\/wp-content\/uploads\/2023\/06\/noticias-artequeando-1-300x300.jpg 300w, https:\/\/asociacionimagina.com\/wp-content\/uploads\/2023\/06\/noticias-artequeando-1-150x150.jpg 150w, https:\/\/asociacionimagina.com\/wp-content\/uploads\/2023\/06\/noticias-artequeando-1-768x768.jpg 768w, https:\/\/asociacionimagina.com\/wp-content\/uploads\/2023\/06\/noticias-artequeando-1.jpg 1066w\" sizes=\"(max-width: 1024px) 100vw, 1024px\" \/><div class=\"wp-block-cover__inner-container is-layout-flow wp-block-cover-is-layout-flow\">\n<p class=\"has-text-align-center has-large-font-size\"><\/p>\n<\/div><\/div>\n\n\n\n<p>El proyecto Artequeando que IMAGINA desarrolla junto a la Asociaci\u00f3n de Baile ALENTO, se lleva desarrollando gracias al apoyo de la Diputaci\u00f3n de M\u00e1laga desde el pasado mes de marzo de 2019.<br>Aunque inicialmente el proyecto ten\u00eda una duraci\u00f3n prevista de 6 meses, gracias a las actividades de emprendimiento social y creativo que las y los j\u00f3venes con diversidad funcional est\u00e1n desarrollando en los talleres y gracias a la implicaci\u00f3n de familiares, entidades locales y poblaci\u00f3n en general, hemos conseguido ampliar la duraci\u00f3n del proyecto hasta el \u00faltimo trimestre del a\u00f1o.<br>Tras la GALA que realizamos en Junio donde las\/os participantes actuaron junto a artistas locales, hemos retomado nuestras actividades en septiembre, volviendo a ponernos manos a la obra con nuevos objetivos que incluyen tambi\u00e9n seguir creciendo personalmente con nuevos temas claves como son las relaciones personales y afectivas igualitarias o el emprendimiento como inserci\u00f3n laboral grupal.&nbsp;<br>Actualmente, desarrollamos talleres de lunes a viernes en \u00c1lora y Pizarra, concretamente, realizamos dos talleres a la semana en cada localidad de 3 horas de duraci\u00f3n. Los viernes se realizan \u00absalidas formativas y salidas l\u00fadicas\u00bb a distintas actividades, de forma alternativa en cada localidad.&nbsp;<br>Estas actividades se est\u00e1n enfocando a tratar temas claves que se han detectado como necesarios de forma previa como se ha especificado, como son las relaciones personales igualitarias y sanas, la resoluci\u00f3n de conflictos de forma pac\u00edfica, la creaci\u00f3n de lazos de amistad fuertes, la alimentaci\u00f3n saludable o la vida activa.&nbsp;<br>Adem\u00e1s, durante todo este mes, nuestro objetivo ha sido tambi\u00e9n la creaci\u00f3n de un calendario 2020 que pronto estar\u00e1 daremos a conocer y que nos permitir\u00e1 igualmente continuar con la actividad el pr\u00f3ximo a\u00f1o.<br>Como nuevos objetivos a desarrollar durante los pr\u00f3ximos meses nos planteamos la difusi\u00f3n y visibilizaci\u00f3n de los resultados del proyecto, a trav\u00e9s de una exposici\u00f3n fotogr\u00e1fica y la difusi\u00f3n de un v\u00eddeo documental.<br>Si quieres seguir al tanto de nuestras actividades, quieres participar en ellas o colaborar con el proyecto&#8230; \u00a1s\u00edguenos en redes y no dudes en contactarnos!<\/p>\n","protected":false},"excerpt":{"rendered":"<p>El proyecto Artequeando que IMAGINA desarrolla junto a la Asociaci\u00f3n de Baile ALENTO, se lleva desarrollando gracias al apoyo de la Diputaci\u00f3n de M\u00e1laga desde el pasado mes de marzo de 2019.Aunque inicialmente el proyecto ten\u00eda una duraci\u00f3n prevista de 6 meses, gracias a las actividades de emprendimiento social y creativo que las y los [&hellip;]<\/p>\n","protected":false},"author":1,"featured_media":135,"comment_status":"open","ping_status":"open","sticky":false,"template":"","format":"standard","meta":{"site-sidebar-layout":"default","site-content-layout":"","ast-site-content-layout":"default","site-content-style":"default","site-sidebar-style":"default","ast-global-header-display":"","ast-banner-title-visibility":"","ast-main-header-display":"","ast-hfb-above-header-display":"","ast-hfb-below-header-display":"","ast-hfb-mobile-header-display":"","site-post-title":"","ast-breadcrumbs-content":"","ast-featured-img":"","footer-sml-layout":"","ast-disable-related-posts":"","theme-transparent-header-meta":"","adv-header-id-meta":"","stick-header-meta":"","header-above-stick-meta":"","header-main-stick-meta":"","header-below-stick-meta":"","astra-migrate-meta-layouts":"default","ast-page-background-enabled":"default","ast-page-background-meta":{"desktop":{"background-color":"var(--ast-global-color-4)","background-image":"","background-repeat":"repeat","background-position":"center center","background-size":"auto","background-attachment":"scroll","background-type":"","background-media":"","overlay-type":"","overlay-color":"","overlay-opacity":"","overlay-gradient":""},"tablet":{"background-color":"","background-image":"","background-repeat":"repeat","background-position":"center center","background-size":"auto","background-attachment":"scroll","background-type":"","background-media":"","overlay-type":"","overlay-color":"","overlay-opacity":"","overlay-gradient":""},"mobile":{"background-color":"","background-image":"","background-repeat":"repeat","background-position":"center center","background-size":"auto","background-attachment":"scroll","background-type":"","background-media":"","overlay-type":"","overlay-color":"","overlay-opacity":"","overlay-gradient":""}},"ast-content-background-meta":{"desktop":{"background-color":"var(--ast-global-color-5)","background-image":"","background-repeat":"repeat","background-position":"center center","background-size":"auto","background-attachment":"scroll","background-type":"","background-media":"","overlay-type":"","overlay-color":"","overlay-opacity":"","overlay-gradient":""},"tablet":{"background-color":"var(--ast-global-color-5)","background-image":"","background-repeat":"repeat","background-position":"center center","background-size":"auto","background-attachment":"scroll","background-type":"","background-media":"","overlay-type":"","overlay-color":"","overlay-opacity":"","overlay-gradient":""},"mobile":{"background-color":"var(--ast-global-color-5)","background-image":"","background-repeat":"repeat","background-position":"center center","background-size":"auto","background-attachment":"scroll","background-type":"","background-media":"","overlay-type":"","overlay-color":"","overlay-opacity":"","overlay-gradient":""}},"footnotes":""},"categories":[10],"tags":[],"class_list":["post-114","post","type-post","status-publish","format-standard","has-post-thumbnail","hentry","category-noticias"],"_links":{"self":[{"href":"https:\/\/asociacionimagina.com\/index.php\/wp-json\/wp\/v2\/posts\/114","targetHints":{"allow":["GET"]}}],"collection":[{"href":"https:\/\/asociacionimagina.com\/index.php\/wp-json\/wp\/v2\/posts"}],"about":[{"href":"https:\/\/asociacionimagina.com\/index.php\/wp-json\/wp\/v2\/types\/post"}],"author":[{"embeddable":true,"href":"https:\/\/asociacionimagina.com\/index.php\/wp-json\/wp\/v2\/users\/1"}],"replies":[{"embeddable":true,"href":"https:\/\/asociacionimagina.com\/index.php\/wp-json\/wp\/v2\/comments?post=114"}],"version-history":[{"count":3,"href":"https:\/\/asociacionimagina.com\/index.php\/wp-json\/wp\/v2\/posts\/114\/revisions"}],"predecessor-version":[{"id":683,"href":"https:\/\/asociacionimagina.com\/index.php\/wp-json\/wp\/v2\/posts\/114\/revisions\/683"}],"wp:featuredmedia":[{"embeddable":true,"href":"https:\/\/asociacionimagina.com\/index.php\/wp-json\/wp\/v2\/media\/135"}],"wp:attachment":[{"href":"https:\/\/asociacionimagina.com\/index.php\/wp-json\/wp\/v2\/media?parent=114"}],"wp:term":[{"taxonomy":"category","embeddable":true,"href":"https:\/\/asociacionimagina.com\/index.php\/wp-json\/wp\/v2\/categories?post=114"},{"taxonomy":"post_tag","embeddable":true,"href":"https:\/\/asociacionimagina.com\/index.php\/wp-json\/wp\/v2\/tags?post=114"}],"curies":[{"name":"wp","href":"https:\/\/api.w.org\/{rel}","templated":true}]}}