{"id":1145,"date":"2024-03-25T09:29:12","date_gmt":"2024-03-25T09:29:12","guid":{"rendered":"https:\/\/asocimagina.tiendaonlineconfactusol.com\/?p=1145"},"modified":"2026-06-29T10:30:23","modified_gmt":"2026-06-29T10:30:23","slug":"mi-cachito-de-granja-proyecto-de-continuidad","status":"publish","type":"post","link":"https:\/\/asociacionimagina.com\/index.php\/2024\/03\/25\/mi-cachito-de-granja-proyecto-de-continuidad\/","title":{"rendered":"MI CACHITO DE GRANJA-PROYECTO DE CONTINUIDAD"},"content":{"rendered":"\n<p class=\"wp-block-paragraph\"><strong>Mi Cachito de Granja<\/strong> es un proyecto de continuidad desarrollado por IMAGINA con el apoyo de Fundaci\u00f3n \u201cla Caixa\u201d durante los a\u00f1os <strong>2024, 2025 y 2026<\/strong>.<\/p>\n\n\n\n<p class=\"wp-block-paragraph\">El proyecto nace con el objetivo de convertir Casa IMAGINA en un espacio educativo, inclusivo y comunitario vinculado al cuidado de animales, el contacto con la naturaleza, la educaci\u00f3n ambiental y la participaci\u00f3n activa de personas con discapacidad, personas mayores, infancia y voluntariado.<\/p>\n\n\n\n<p class=\"wp-block-paragraph\">A trav\u00e9s de actividades con animales, huerto, talleres educativos y din\u00e1micas de convivencia, Mi Cachito de Granja promueve la autonom\u00eda personal, la responsabilidad compartida, la vida activa, el aprendizaje pr\u00e1ctico y el encuentro entre personas de diferentes edades y capacidades.<\/p>\n\n\n\n<p class=\"wp-block-paragraph\">Durante sus diferentes ediciones, el proyecto ha ido creciendo y consolid\u00e1ndose:<\/p>\n\n\n\n<ul class=\"wp-block-list\">\n<li><strong>En 2024<\/strong>, se impuls\u00f3 la puesta en marcha y dinamizaci\u00f3n de la granja educativa como recurso de inclusi\u00f3n social, aprendizaje y participaci\u00f3n comunitaria en Casa IMAGINA.<\/li>\n<\/ul>\n\n\n\n<ul class=\"wp-block-list\">\n<li><strong>En 2025<\/strong>, el proyecto permiti\u00f3 dar continuidad a las actividades, reforzando el uso del espacio como herramienta educativa para trabajar la autonom\u00eda, la convivencia, el cuidado del entorno y la participaci\u00f3n activa de las personas participantes.<\/li>\n<\/ul>\n\n\n\n<ul class=\"wp-block-list\">\n<li><strong>En 2026<\/strong>, Mi Cachito de Granja sigue avanzando como recurso estable de IMAGINA,incorporando nuevas actividades, ampliando su impacto comunitario y fortaleciendola conexi\u00f3n entre inclusi\u00f3n social, educaci\u00f3n ambiental, voluntariado y medio rural.<\/li>\n<\/ul>\n\n\n\n<p class=\"wp-block-paragraph\">Este proyecto forma parte de la apuesta de IMAGINA por crear espacios vivos, accesibles y participativos, donde cada persona pueda aprender, aportar y sentirse parte de la comunidad.<\/p>\n\n\n\n<figure class=\"wp-block-gallery has-nested-images columns-default is-cropped wp-block-gallery-1 is-layout-flex wp-block-gallery-is-layout-flex\">\n<figure class=\"wp-block-image size-large\"><img fetchpriority=\"high\" decoding=\"async\" width=\"768\" height=\"1024\" data-id=\"1743\" src=\"https:\/\/asociacionimagina.com\/wp-content\/uploads\/2024\/03\/AE4413A7-604B-4066-8E23-10637BED267B-768x1024.jpg\" alt=\"\" class=\"wp-image-1743\" srcset=\"https:\/\/asociacionimagina.com\/wp-content\/uploads\/2024\/03\/AE4413A7-604B-4066-8E23-10637BED267B-768x1024.jpg 768w, https:\/\/asociacionimagina.com\/wp-content\/uploads\/2024\/03\/AE4413A7-604B-4066-8E23-10637BED267B-225x300.jpg 225w, https:\/\/asociacionimagina.com\/wp-content\/uploads\/2024\/03\/AE4413A7-604B-4066-8E23-10637BED267B-1152x1536.jpg 1152w, https:\/\/asociacionimagina.com\/wp-content\/uploads\/2024\/03\/AE4413A7-604B-4066-8E23-10637BED267B.jpg 1200w\" sizes=\"(max-width: 768px) 100vw, 768px\" \/><\/figure>\n\n\n\n<figure class=\"wp-block-image size-large\"><img decoding=\"async\" width=\"768\" height=\"1024\" data-id=\"1744\" src=\"https:\/\/asociacionimagina.com\/wp-content\/uploads\/2024\/03\/conejo-768x1024.jpg\" alt=\"\" class=\"wp-image-1744\" srcset=\"https:\/\/asociacionimagina.com\/wp-content\/uploads\/2024\/03\/conejo-768x1024.jpg 768w, https:\/\/asociacionimagina.com\/wp-content\/uploads\/2024\/03\/conejo-225x300.jpg 225w, https:\/\/asociacionimagina.com\/wp-content\/uploads\/2024\/03\/conejo-1152x1536.jpg 1152w, https:\/\/asociacionimagina.com\/wp-content\/uploads\/2024\/03\/conejo-1536x2048.jpg 1536w, https:\/\/asociacionimagina.com\/wp-content\/uploads\/2024\/03\/conejo-scaled.jpg 1920w\" sizes=\"(max-width: 768px) 100vw, 768px\" \/><\/figure>\n\n\n\n<figure class=\"wp-block-image size-large\"><img decoding=\"async\" width=\"768\" height=\"1024\" data-id=\"1748\" src=\"https:\/\/asociacionimagina.com\/wp-content\/uploads\/2024\/03\/IMG_1292-768x1024.jpg\" alt=\"\" class=\"wp-image-1748\" srcset=\"https:\/\/asociacionimagina.com\/wp-content\/uploads\/2024\/03\/IMG_1292-768x1024.jpg 768w, https:\/\/asociacionimagina.com\/wp-content\/uploads\/2024\/03\/IMG_1292-225x300.jpg 225w, https:\/\/asociacionimagina.com\/wp-content\/uploads\/2024\/03\/IMG_1292-1152x1536.jpg 1152w, https:\/\/asociacionimagina.com\/wp-content\/uploads\/2024\/03\/IMG_1292-1536x2048.jpg 1536w, https:\/\/asociacionimagina.com\/wp-content\/uploads\/2024\/03\/IMG_1292-scaled.jpg 1920w\" sizes=\"(max-width: 768px) 100vw, 768px\" \/><\/figure>\n\n\n\n<figure class=\"wp-block-image size-large\"><img loading=\"lazy\" decoding=\"async\" width=\"768\" height=\"1024\" data-id=\"1745\" src=\"https:\/\/asociacionimagina.com\/wp-content\/uploads\/2024\/03\/IMG_1979-768x1024.jpg\" alt=\"\" class=\"wp-image-1745\" srcset=\"https:\/\/asociacionimagina.com\/wp-content\/uploads\/2024\/03\/IMG_1979-768x1024.jpg 768w, https:\/\/asociacionimagina.com\/wp-content\/uploads\/2024\/03\/IMG_1979-225x300.jpg 225w, https:\/\/asociacionimagina.com\/wp-content\/uploads\/2024\/03\/IMG_1979-1152x1536.jpg 1152w, https:\/\/asociacionimagina.com\/wp-content\/uploads\/2024\/03\/IMG_1979-1536x2048.jpg 1536w, https:\/\/asociacionimagina.com\/wp-content\/uploads\/2024\/03\/IMG_1979-scaled.jpg 1920w\" sizes=\"(max-width: 768px) 100vw, 768px\" \/><\/figure>\n\n\n\n<figure class=\"wp-block-image size-large\"><img loading=\"lazy\" decoding=\"async\" width=\"768\" height=\"1024\" data-id=\"1747\" src=\"https:\/\/asociacionimagina.com\/wp-content\/uploads\/2024\/03\/IMG_4139-768x1024.jpg\" alt=\"\" class=\"wp-image-1747\" srcset=\"https:\/\/asociacionimagina.com\/wp-content\/uploads\/2024\/03\/IMG_4139-768x1024.jpg 768w, https:\/\/asociacionimagina.com\/wp-content\/uploads\/2024\/03\/IMG_4139-225x300.jpg 225w, https:\/\/asociacionimagina.com\/wp-content\/uploads\/2024\/03\/IMG_4139-1152x1536.jpg 1152w, https:\/\/asociacionimagina.com\/wp-content\/uploads\/2024\/03\/IMG_4139-1536x2048.jpg 1536w, https:\/\/asociacionimagina.com\/wp-content\/uploads\/2024\/03\/IMG_4139-scaled.jpg 1920w\" sizes=\"(max-width: 768px) 100vw, 768px\" \/><\/figure>\n\n\n\n<figure class=\"wp-block-image size-large\"><img loading=\"lazy\" decoding=\"async\" width=\"768\" height=\"1024\" data-id=\"1746\" src=\"https:\/\/asociacionimagina.com\/wp-content\/uploads\/2024\/03\/WhatsApp-Image-2025-10-06-at-09.58.45-768x1024.jpeg\" alt=\"\" class=\"wp-image-1746\" srcset=\"https:\/\/asociacionimagina.com\/wp-content\/uploads\/2024\/03\/WhatsApp-Image-2025-10-06-at-09.58.45-768x1024.jpeg 768w, https:\/\/asociacionimagina.com\/wp-content\/uploads\/2024\/03\/WhatsApp-Image-2025-10-06-at-09.58.45-225x300.jpeg 225w, https:\/\/asociacionimagina.com\/wp-content\/uploads\/2024\/03\/WhatsApp-Image-2025-10-06-at-09.58.45-1152x1536.jpeg 1152w, https:\/\/asociacionimagina.com\/wp-content\/uploads\/2024\/03\/WhatsApp-Image-2025-10-06-at-09.58.45.jpeg 1200w\" sizes=\"(max-width: 768px) 100vw, 768px\" \/><\/figure>\n\n\n\n<figure class=\"wp-block-image size-large\"><img loading=\"lazy\" decoding=\"async\" width=\"768\" height=\"1024\" data-id=\"1749\" src=\"https:\/\/asociacionimagina.com\/wp-content\/uploads\/2024\/03\/WhatsApp-Image-2025-10-06-at-10.30.25-1-768x1024.jpeg\" alt=\"\" class=\"wp-image-1749\" srcset=\"https:\/\/asociacionimagina.com\/wp-content\/uploads\/2024\/03\/WhatsApp-Image-2025-10-06-at-10.30.25-1-768x1024.jpeg 768w, https:\/\/asociacionimagina.com\/wp-content\/uploads\/2024\/03\/WhatsApp-Image-2025-10-06-at-10.30.25-1-225x300.jpeg 225w, https:\/\/asociacionimagina.com\/wp-content\/uploads\/2024\/03\/WhatsApp-Image-2025-10-06-at-10.30.25-1-1152x1536.jpeg 1152w, https:\/\/asociacionimagina.com\/wp-content\/uploads\/2024\/03\/WhatsApp-Image-2025-10-06-at-10.30.25-1.jpeg 1200w\" sizes=\"(max-width: 768px) 100vw, 768px\" \/><\/figure>\n\n\n\n<figure class=\"wp-block-image size-large\"><img loading=\"lazy\" decoding=\"async\" width=\"768\" height=\"1024\" data-id=\"1750\" src=\"https:\/\/asociacionimagina.com\/wp-content\/uploads\/2024\/03\/WhatsApp-Image-2026-06-17-at-12.24.31-3-768x1024.jpeg\" alt=\"\" class=\"wp-image-1750\" srcset=\"https:\/\/asociacionimagina.com\/wp-content\/uploads\/2024\/03\/WhatsApp-Image-2026-06-17-at-12.24.31-3-768x1024.jpeg 768w, https:\/\/asociacionimagina.com\/wp-content\/uploads\/2024\/03\/WhatsApp-Image-2026-06-17-at-12.24.31-3-225x300.jpeg 225w, https:\/\/asociacionimagina.com\/wp-content\/uploads\/2024\/03\/WhatsApp-Image-2026-06-17-at-12.24.31-3-1152x1536.jpeg 1152w, https:\/\/asociacionimagina.com\/wp-content\/uploads\/2024\/03\/WhatsApp-Image-2026-06-17-at-12.24.31-3.jpeg 1200w\" sizes=\"(max-width: 768px) 100vw, 768px\" \/><\/figure>\n\n\n\n<figure class=\"wp-block-image size-large\"><img loading=\"lazy\" decoding=\"async\" width=\"768\" height=\"1024\" data-id=\"1751\" src=\"https:\/\/asociacionimagina.com\/wp-content\/uploads\/2024\/03\/WhatsApp-Image-2026-06-17-at-12.28.10-2-768x1024.jpeg\" alt=\"\" class=\"wp-image-1751\" srcset=\"https:\/\/asociacionimagina.com\/wp-content\/uploads\/2024\/03\/WhatsApp-Image-2026-06-17-at-12.28.10-2-768x1024.jpeg 768w, https:\/\/asociacionimagina.com\/wp-content\/uploads\/2024\/03\/WhatsApp-Image-2026-06-17-at-12.28.10-2-225x300.jpeg 225w, https:\/\/asociacionimagina.com\/wp-content\/uploads\/2024\/03\/WhatsApp-Image-2026-06-17-at-12.28.10-2-1152x1536.jpeg 1152w, https:\/\/asociacionimagina.com\/wp-content\/uploads\/2024\/03\/WhatsApp-Image-2026-06-17-at-12.28.10-2.jpeg 1200w\" sizes=\"(max-width: 768px) 100vw, 768px\" \/><\/figure>\n\n\n\n<figure class=\"wp-block-image size-large\"><img loading=\"lazy\" decoding=\"async\" width=\"576\" height=\"1024\" data-id=\"1752\" src=\"https:\/\/asociacionimagina.com\/wp-content\/uploads\/2024\/03\/WhatsApp-Image-2026-06-17-at-12.28.11-576x1024.jpeg\" alt=\"\" class=\"wp-image-1752\" srcset=\"https:\/\/asociacionimagina.com\/wp-content\/uploads\/2024\/03\/WhatsApp-Image-2026-06-17-at-12.28.11-576x1024.jpeg 576w, https:\/\/asociacionimagina.com\/wp-content\/uploads\/2024\/03\/WhatsApp-Image-2026-06-17-at-12.28.11-169x300.jpeg 169w, https:\/\/asociacionimagina.com\/wp-content\/uploads\/2024\/03\/WhatsApp-Image-2026-06-17-at-12.28.11-768x1365.jpeg 768w, https:\/\/asociacionimagina.com\/wp-content\/uploads\/2024\/03\/WhatsApp-Image-2026-06-17-at-12.28.11-864x1536.jpeg 864w, https:\/\/asociacionimagina.com\/wp-content\/uploads\/2024\/03\/WhatsApp-Image-2026-06-17-at-12.28.11.jpeg 900w\" sizes=\"(max-width: 576px) 100vw, 576px\" \/><\/figure>\n\n\n\n<figure class=\"wp-block-image size-large\"><img loading=\"lazy\" decoding=\"async\" width=\"768\" height=\"1024\" data-id=\"1755\" src=\"https:\/\/asociacionimagina.com\/wp-content\/uploads\/2024\/03\/WhatsApp-Image-2026-06-17-at-12.28.14-4-768x1024.jpeg\" alt=\"\" class=\"wp-image-1755\" srcset=\"https:\/\/asociacionimagina.com\/wp-content\/uploads\/2024\/03\/WhatsApp-Image-2026-06-17-at-12.28.14-4-768x1024.jpeg 768w, https:\/\/asociacionimagina.com\/wp-content\/uploads\/2024\/03\/WhatsApp-Image-2026-06-17-at-12.28.14-4-225x300.jpeg 225w, https:\/\/asociacionimagina.com\/wp-content\/uploads\/2024\/03\/WhatsApp-Image-2026-06-17-at-12.28.14-4-1152x1536.jpeg 1152w, https:\/\/asociacionimagina.com\/wp-content\/uploads\/2024\/03\/WhatsApp-Image-2026-06-17-at-12.28.14-4.jpeg 1200w\" sizes=\"(max-width: 768px) 100vw, 768px\" \/><\/figure>\n\n\n\n<figure class=\"wp-block-image size-large\"><img loading=\"lazy\" decoding=\"async\" width=\"576\" height=\"1024\" data-id=\"1754\" src=\"https:\/\/asociacionimagina.com\/wp-content\/uploads\/2024\/03\/WhatsApp-Image-2026-06-17-at-12.28.14-3-576x1024.jpeg\" alt=\"\" class=\"wp-image-1754\" srcset=\"https:\/\/asociacionimagina.com\/wp-content\/uploads\/2024\/03\/WhatsApp-Image-2026-06-17-at-12.28.14-3-576x1024.jpeg 576w, https:\/\/asociacionimagina.com\/wp-content\/uploads\/2024\/03\/WhatsApp-Image-2026-06-17-at-12.28.14-3-169x300.jpeg 169w, https:\/\/asociacionimagina.com\/wp-content\/uploads\/2024\/03\/WhatsApp-Image-2026-06-17-at-12.28.14-3-768x1365.jpeg 768w, https:\/\/asociacionimagina.com\/wp-content\/uploads\/2024\/03\/WhatsApp-Image-2026-06-17-at-12.28.14-3-864x1536.jpeg 864w, https:\/\/asociacionimagina.com\/wp-content\/uploads\/2024\/03\/WhatsApp-Image-2026-06-17-at-12.28.14-3.jpeg 900w\" sizes=\"(max-width: 576px) 100vw, 576px\" \/><\/figure>\n\n\n\n<figure class=\"wp-block-image size-large\"><img loading=\"lazy\" decoding=\"async\" width=\"1024\" height=\"735\" data-id=\"1753\" src=\"https:\/\/asociacionimagina.com\/wp-content\/uploads\/2024\/03\/WhatsApp-Image-2026-06-17-at-12.28.14-2-1024x735.jpeg\" alt=\"\" class=\"wp-image-1753\" srcset=\"https:\/\/asociacionimagina.com\/wp-content\/uploads\/2024\/03\/WhatsApp-Image-2026-06-17-at-12.28.14-2-1024x735.jpeg 1024w, https:\/\/asociacionimagina.com\/wp-content\/uploads\/2024\/03\/WhatsApp-Image-2026-06-17-at-12.28.14-2-300x215.jpeg 300w, https:\/\/asociacionimagina.com\/wp-content\/uploads\/2024\/03\/WhatsApp-Image-2026-06-17-at-12.28.14-2-768x551.jpeg 768w, https:\/\/asociacionimagina.com\/wp-content\/uploads\/2024\/03\/WhatsApp-Image-2026-06-17-at-12.28.14-2-1536x1102.jpeg 1536w, https:\/\/asociacionimagina.com\/wp-content\/uploads\/2024\/03\/WhatsApp-Image-2026-06-17-at-12.28.14-2.jpeg 1600w\" sizes=\"(max-width: 1024px) 100vw, 1024px\" \/><\/figure>\n<\/figure>\n","protected":false},"excerpt":{"rendered":"<p>Mi Cachito de Granja es un proyecto de continuidad desarrollado por IMAGINA con el apoyo de Fundaci\u00f3n \u201cla Caixa\u201d durante los a\u00f1os 2024, 2025 y 2026. El proyecto nace con el objetivo de convertir Casa IMAGINA en un espacio educativo, inclusivo y comunitario vinculado al cuidado de animales, el contacto con la naturaleza, la educaci\u00f3n [&hellip;]<\/p>\n","protected":false},"author":1,"featured_media":1740,"comment_status":"open","ping_status":"open","sticky":false,"template":"","format":"standard","meta":{"site-sidebar-layout":"default","site-content-layout":"","ast-site-content-layout":"default","site-content-style":"default","site-sidebar-style":"default","ast-global-header-display":"","ast-banner-title-visibility":"","ast-main-header-display":"","ast-hfb-above-header-display":"","ast-hfb-below-header-display":"","ast-hfb-mobile-header-display":"","site-post-title":"","ast-breadcrumbs-content":"","ast-featured-img":"","footer-sml-layout":"","ast-disable-related-posts":"","theme-transparent-header-meta":"","adv-header-id-meta":"","stick-header-meta":"","header-above-stick-meta":"","header-main-stick-meta":"","header-below-stick-meta":"","astra-migrate-meta-layouts":"set","ast-page-background-enabled":"default","ast-page-background-meta":{"desktop":{"background-color":"var(--ast-global-color-4)","background-image":"","background-repeat":"repeat","background-position":"center center","background-size":"auto","background-attachment":"scroll","background-type":"","background-media":"","overlay-type":"","overlay-color":"","overlay-opacity":"","overlay-gradient":""},"tablet":{"background-color":"","background-image":"","background-repeat":"repeat","background-position":"center center","background-size":"auto","background-attachment":"scroll","background-type":"","background-media":"","overlay-type":"","overlay-color":"","overlay-opacity":"","overlay-gradient":""},"mobile":{"background-color":"","background-image":"","background-repeat":"repeat","background-position":"center center","background-size":"auto","background-attachment":"scroll","background-type":"","background-media":"","overlay-type":"","overlay-color":"","overlay-opacity":"","overlay-gradient":""}},"ast-content-background-meta":{"desktop":{"background-color":"var(--ast-global-color-5)","background-image":"","background-repeat":"repeat","background-position":"center center","background-size":"auto","background-attachment":"scroll","background-type":"","background-media":"","overlay-type":"","overlay-color":"","overlay-opacity":"","overlay-gradient":""},"tablet":{"background-color":"var(--ast-global-color-5)","background-image":"","background-repeat":"repeat","background-position":"center center","background-size":"auto","background-attachment":"scroll","background-type":"","background-media":"","overlay-type":"","overlay-color":"","overlay-opacity":"","overlay-gradient":""},"mobile":{"background-color":"var(--ast-global-color-5)","background-image":"","background-repeat":"repeat","background-position":"center center","background-size":"auto","background-attachment":"scroll","background-type":"","background-media":"","overlay-type":"","overlay-color":"","overlay-opacity":"","overlay-gradient":""}},"footnotes":""},"categories":[14],"tags":[],"class_list":["post-1145","post","type-post","status-publish","format-standard","has-post-thumbnail","hentry","category-caixa"],"_links":{"self":[{"href":"https:\/\/asociacionimagina.com\/index.php\/wp-json\/wp\/v2\/posts\/1145","targetHints":{"allow":["GET"]}}],"collection":[{"href":"https:\/\/asociacionimagina.com\/index.php\/wp-json\/wp\/v2\/posts"}],"about":[{"href":"https:\/\/asociacionimagina.com\/index.php\/wp-json\/wp\/v2\/types\/post"}],"author":[{"embeddable":true,"href":"https:\/\/asociacionimagina.com\/index.php\/wp-json\/wp\/v2\/users\/1"}],"replies":[{"embeddable":true,"href":"https:\/\/asociacionimagina.com\/index.php\/wp-json\/wp\/v2\/comments?post=1145"}],"version-history":[{"count":4,"href":"https:\/\/asociacionimagina.com\/index.php\/wp-json\/wp\/v2\/posts\/1145\/revisions"}],"predecessor-version":[{"id":1756,"href":"https:\/\/asociacionimagina.com\/index.php\/wp-json\/wp\/v2\/posts\/1145\/revisions\/1756"}],"wp:featuredmedia":[{"embeddable":true,"href":"https:\/\/asociacionimagina.com\/index.php\/wp-json\/wp\/v2\/media\/1740"}],"wp:attachment":[{"href":"https:\/\/asociacionimagina.com\/index.php\/wp-json\/wp\/v2\/media?parent=1145"}],"wp:term":[{"taxonomy":"category","embeddable":true,"href":"https:\/\/asociacionimagina.com\/index.php\/wp-json\/wp\/v2\/categories?post=1145"},{"taxonomy":"post_tag","embeddable":true,"href":"https:\/\/asociacionimagina.com\/index.php\/wp-json\/wp\/v2\/tags?post=1145"}],"curies":[{"name":"wp","href":"https:\/\/api.w.org\/{rel}","templated":true}]}}