{"id":1154,"date":"2024-03-25T09:45:22","date_gmt":"2024-03-25T09:45:22","guid":{"rendered":"https:\/\/asocimagina.tiendaonlineconfactusol.com\/?p=1154"},"modified":"2024-03-25T10:17:19","modified_gmt":"2024-03-25T10:17:19","slug":"talento-digital-imagina-2","status":"publish","type":"post","link":"https:\/\/asociacionimagina.com\/index.php\/2024\/03\/25\/talento-digital-imagina-2\/","title":{"rendered":"2023 Talento digital IMAGINA"},"content":{"rendered":"\n<p>Esta semana ha comenzado el curso de formaci\u00f3n <strong>TALENTO DIGITAL IMAGINA <\/strong>en el centro de formaci\u00f3n de <strong>\u00c1lora (M\u00e1laga).<\/strong> Este proyecto trata de una formaci\u00f3n en competencias digitales para <strong>10 personas con diversidad funcional<\/strong>, impartida por la asociaci\u00f3n <strong>IMAGINA<\/strong> con la colaboraci\u00f3n y financiaci\u00f3n de la <strong>Fundaci\u00f3n ONCE<\/strong>.<\/p>\n\n\n\n<p>Este proyecto tiene por objetivo la adquisici\u00f3n de <strong>conocimientos y cualificaci\u00f3n tecnol\u00f3gica y digital<\/strong> para mejorar la <strong>empleabilidad<\/strong>, multiplicando de esta forma las perspectivas profesionales de las personas participantes. Posee una duraci\u00f3n total de <strong>140 horas<\/strong>, desde el 9 de enero al 14 de marzo en horario de ma\u00f1ana.<\/p>\n\n\n\n<p>Para una gran parte de las <strong>personas con diversidad funcional<\/strong>, las tecnolog\u00edas de la informaci\u00f3n y la comunicaci\u00f3n (TIC) son herramientas que les permiten la <strong>integraci\u00f3n<\/strong> y participaci\u00f3n en casi todos los aspectos de la vida. La Convenci\u00f3n sobre los derechos de las personas con discapacidad (CDPD) expresa la necesidad de que las personas con discapacidad tengan acceso a las TIC para poder garantizar que disfruten de los <strong>mismos derechos<\/strong> que asisten a toda la poblaci\u00f3n en igualdad de condiciones.<\/p>\n\n\n\n<p>A trav\u00e9s de actividades y talleres basados en <strong>herramientas digitales<\/strong>, se trabajan las habilidades sociales y digitales para la inclusi\u00f3n y la independencia; la educaci\u00f3n digital para reducir la triple brecha digital (de acceso; de calidad del uso y de uso inclusivo y accesible) en personas con diversidad funcional.<\/p>\n\n\n\n<p>Las actuaciones adem\u00e1s est\u00e1n orientadas a promover la <strong>empleabilidad<\/strong>, puesto que es necesario mejorar las <strong>competencias laborales<\/strong> b\u00e1sicas demandadas por el mercado laboral debido a la alta tasa de desempleo de nuestras personas usuarias. A trav\u00e9s de varios m\u00f3dulos formativos sobre la b\u00fasqueda de empleo a trav\u00e9s de Internet, creaci\u00f3n del CV o c\u00f3mo afrontar una entrevista, se pretende desarrollar diferentes habilidades laborales para su <strong>futuro profesional<\/strong>.<\/p>\n\n\n\n<figure class=\"wp-block-gallery has-nested-images columns-default is-cropped wp-block-gallery-1 is-layout-flex wp-block-gallery-is-layout-flex\">\n<figure class=\"wp-block-image size-large\"><img fetchpriority=\"high\" decoding=\"async\" width=\"768\" height=\"1024\" data-id=\"1155\" src=\"https:\/\/asociacionimagina.com\/wp-content\/uploads\/2024\/03\/IMG_2672-768x1024.jpg\" alt=\"\" class=\"wp-image-1155\" srcset=\"https:\/\/asociacionimagina.com\/wp-content\/uploads\/2024\/03\/IMG_2672-768x1024.jpg 768w, https:\/\/asociacionimagina.com\/wp-content\/uploads\/2024\/03\/IMG_2672-225x300.jpg 225w, https:\/\/asociacionimagina.com\/wp-content\/uploads\/2024\/03\/IMG_2672-1152x1536.jpg 1152w, https:\/\/asociacionimagina.com\/wp-content\/uploads\/2024\/03\/IMG_2672-1536x2048.jpg 1536w, https:\/\/asociacionimagina.com\/wp-content\/uploads\/2024\/03\/IMG_2672-scaled.jpg 1920w\" sizes=\"(max-width: 768px) 100vw, 768px\" \/><\/figure>\n\n\n\n<figure class=\"wp-block-image size-full\"><img decoding=\"async\" width=\"756\" height=\"1008\" data-id=\"1159\" src=\"https:\/\/asociacionimagina.com\/wp-content\/uploads\/2024\/03\/IMG_2643-copia.jpg\" alt=\"\" class=\"wp-image-1159\" srcset=\"https:\/\/asociacionimagina.com\/wp-content\/uploads\/2024\/03\/IMG_2643-copia.jpg 756w, https:\/\/asociacionimagina.com\/wp-content\/uploads\/2024\/03\/IMG_2643-copia-225x300.jpg 225w\" sizes=\"(max-width: 756px) 100vw, 756px\" \/><\/figure>\n\n\n\n<figure class=\"wp-block-image size-full\"><img decoding=\"async\" width=\"750\" height=\"1000\" data-id=\"1160\" src=\"https:\/\/asociacionimagina.com\/wp-content\/uploads\/2024\/03\/IMG20221221121149.jpg\" alt=\"\" class=\"wp-image-1160\" srcset=\"https:\/\/asociacionimagina.com\/wp-content\/uploads\/2024\/03\/IMG20221221121149.jpg 750w, https:\/\/asociacionimagina.com\/wp-content\/uploads\/2024\/03\/IMG20221221121149-225x300.jpg 225w\" sizes=\"(max-width: 750px) 100vw, 750px\" \/><\/figure>\n\n\n\n<figure class=\"wp-block-image size-full\"><img loading=\"lazy\" decoding=\"async\" width=\"756\" height=\"1008\" data-id=\"1161\" src=\"https:\/\/asociacionimagina.com\/wp-content\/uploads\/2024\/03\/IMG_2659-copia.jpg\" alt=\"\" class=\"wp-image-1161\" srcset=\"https:\/\/asociacionimagina.com\/wp-content\/uploads\/2024\/03\/IMG_2659-copia.jpg 756w, https:\/\/asociacionimagina.com\/wp-content\/uploads\/2024\/03\/IMG_2659-copia-225x300.jpg 225w\" sizes=\"(max-width: 756px) 100vw, 756px\" \/><\/figure>\n\n\n\n<figure class=\"wp-block-image size-full\"><img loading=\"lazy\" decoding=\"async\" width=\"750\" height=\"1000\" data-id=\"1162\" src=\"https:\/\/asociacionimagina.com\/wp-content\/uploads\/2024\/03\/IMG20221221122636.jpg\" alt=\"\" class=\"wp-image-1162\" srcset=\"https:\/\/asociacionimagina.com\/wp-content\/uploads\/2024\/03\/IMG20221221122636.jpg 750w, https:\/\/asociacionimagina.com\/wp-content\/uploads\/2024\/03\/IMG20221221122636-225x300.jpg 225w\" sizes=\"(max-width: 750px) 100vw, 750px\" \/><\/figure>\n<\/figure>\n","protected":false},"excerpt":{"rendered":"<p>Esta semana ha comenzado el curso de formaci\u00f3n TALENTO DIGITAL IMAGINA en el centro de formaci\u00f3n de \u00c1lora (M\u00e1laga). Este proyecto trata de una formaci\u00f3n en competencias digitales para 10 personas con diversidad funcional, impartida por la asociaci\u00f3n IMAGINA con la colaboraci\u00f3n y financiaci\u00f3n de la Fundaci\u00f3n ONCE. Este proyecto tiene por objetivo la adquisici\u00f3n [&hellip;]<\/p>\n","protected":false},"author":1,"featured_media":1156,"comment_status":"open","ping_status":"open","sticky":false,"template":"","format":"standard","meta":{"site-sidebar-layout":"default","site-content-layout":"","ast-site-content-layout":"default","site-content-style":"default","site-sidebar-style":"default","ast-global-header-display":"","ast-banner-title-visibility":"","ast-main-header-display":"","ast-hfb-above-header-display":"","ast-hfb-below-header-display":"","ast-hfb-mobile-header-display":"","site-post-title":"","ast-breadcrumbs-content":"","ast-featured-img":"","footer-sml-layout":"","ast-disable-related-posts":"","theme-transparent-header-meta":"","adv-header-id-meta":"","stick-header-meta":"","header-above-stick-meta":"","header-main-stick-meta":"","header-below-stick-meta":"","astra-migrate-meta-layouts":"default","ast-page-background-enabled":"default","ast-page-background-meta":{"desktop":{"background-color":"var(--ast-global-color-4)","background-image":"","background-repeat":"repeat","background-position":"center center","background-size":"auto","background-attachment":"scroll","background-type":"","background-media":"","overlay-type":"","overlay-color":"","overlay-opacity":"","overlay-gradient":""},"tablet":{"background-color":"","background-image":"","background-repeat":"repeat","background-position":"center center","background-size":"auto","background-attachment":"scroll","background-type":"","background-media":"","overlay-type":"","overlay-color":"","overlay-opacity":"","overlay-gradient":""},"mobile":{"background-color":"","background-image":"","background-repeat":"repeat","background-position":"center center","background-size":"auto","background-attachment":"scroll","background-type":"","background-media":"","overlay-type":"","overlay-color":"","overlay-opacity":"","overlay-gradient":""}},"ast-content-background-meta":{"desktop":{"background-color":"var(--ast-global-color-5)","background-image":"","background-repeat":"repeat","background-position":"center center","background-size":"auto","background-attachment":"scroll","background-type":"","background-media":"","overlay-type":"","overlay-color":"","overlay-opacity":"","overlay-gradient":""},"tablet":{"background-color":"var(--ast-global-color-5)","background-image":"","background-repeat":"repeat","background-position":"center center","background-size":"auto","background-attachment":"scroll","background-type":"","background-media":"","overlay-type":"","overlay-color":"","overlay-opacity":"","overlay-gradient":""},"mobile":{"background-color":"var(--ast-global-color-5)","background-image":"","background-repeat":"repeat","background-position":"center center","background-size":"auto","background-attachment":"scroll","background-type":"","background-media":"","overlay-type":"","overlay-color":"","overlay-opacity":"","overlay-gradient":""}},"footnotes":""},"categories":[15],"tags":[],"class_list":["post-1154","post","type-post","status-publish","format-standard","has-post-thumbnail","hentry","category-fundacion-once"],"_links":{"self":[{"href":"https:\/\/asociacionimagina.com\/index.php\/wp-json\/wp\/v2\/posts\/1154","targetHints":{"allow":["GET"]}}],"collection":[{"href":"https:\/\/asociacionimagina.com\/index.php\/wp-json\/wp\/v2\/posts"}],"about":[{"href":"https:\/\/asociacionimagina.com\/index.php\/wp-json\/wp\/v2\/types\/post"}],"author":[{"embeddable":true,"href":"https:\/\/asociacionimagina.com\/index.php\/wp-json\/wp\/v2\/users\/1"}],"replies":[{"embeddable":true,"href":"https:\/\/asociacionimagina.com\/index.php\/wp-json\/wp\/v2\/comments?post=1154"}],"version-history":[{"count":3,"href":"https:\/\/asociacionimagina.com\/index.php\/wp-json\/wp\/v2\/posts\/1154\/revisions"}],"predecessor-version":[{"id":1194,"href":"https:\/\/asociacionimagina.com\/index.php\/wp-json\/wp\/v2\/posts\/1154\/revisions\/1194"}],"wp:featuredmedia":[{"embeddable":true,"href":"https:\/\/asociacionimagina.com\/index.php\/wp-json\/wp\/v2\/media\/1156"}],"wp:attachment":[{"href":"https:\/\/asociacionimagina.com\/index.php\/wp-json\/wp\/v2\/media?parent=1154"}],"wp:term":[{"taxonomy":"category","embeddable":true,"href":"https:\/\/asociacionimagina.com\/index.php\/wp-json\/wp\/v2\/categories?post=1154"},{"taxonomy":"post_tag","embeddable":true,"href":"https:\/\/asociacionimagina.com\/index.php\/wp-json\/wp\/v2\/tags?post=1154"}],"curies":[{"name":"wp","href":"https:\/\/api.w.org\/{rel}","templated":true}]}}