{"id":1172,"date":"2024-03-25T09:59:09","date_gmt":"2024-03-25T09:59:09","guid":{"rendered":"https:\/\/asocimagina.tiendaonlineconfactusol.com\/?p=1172"},"modified":"2024-03-26T08:20:36","modified_gmt":"2024-03-26T08:20:36","slug":"escuelas-de-verano","status":"publish","type":"post","link":"https:\/\/asociacionimagina.com\/index.php\/2024\/03\/25\/escuelas-de-verano\/","title":{"rendered":"Escuelas de verano"},"content":{"rendered":"\n<p>Las actividades de dinamizaci\u00f3n infantil de Escuelas de Verano o Campamentos de Semana Blanca que IMAGINA ha desarrollado han tenido por objetivo crear un ambiente de<\/p>\n\n\n\n<p>aprendizaje l\u00fadico en el que ni\u00f1as y ni\u00f1os de \u00c1lora y de localidades cercanas puedan ser atendidas\/os durante los periodos vacacionales para contribuir a la conciliaci\u00f3n familiar y laboral de las familias.<\/p>\n\n\n\n<p>Las actividades de las escuelas de verano y vacacionales se basan en los siguientes elementos claves que son definitorios de nuestra forma de trabajar la DINAMIZACI\u00d3N INFANTIL Y JUVENIL:<\/p>\n\n\n\n<p>&#8211; El desarrollo de al menos tres de las ocho competencias clave de aprendizaje<\/p>\n\n\n\n<p>(definidas en el Marco de Referencia Europeo para el Aprendizaje Permanente) como<\/p>\n\n\n\n<p>son las competencias sociales y c\u00edvicas, las competencias comunicativas y muy<\/p>\n\n\n\n<p>especialmente, las competencias ling\u00fc\u00edsticas.<\/p>\n\n\n\n<p>&#8211; La puesta en valor de los recursos locales (gastron\u00f3micos, culturales, naturales, etc.) y el conocimiento de nuestro territorio, as\u00ed como el intercambio cultural y el desarrollo<\/p>\n\n\n\n<p>de relaciones personales entre j\u00f3venes, ni\u00f1as y ni\u00f1os.<\/p>\n\n\n\n<p>&#8211; La utilizaci\u00f3n de una metodolog\u00eda de trabajo basada en la Educaci\u00f3n No Formal: el<\/p>\n\n\n\n<p>aprendizaje a trav\u00e9s de la pr\u00e1ctica, juegos, canciones y bailes (en ingl\u00e9s, cantajuegos,<\/p>\n\n\n\n<p>etc.).<\/p>\n\n\n\n<p>&#8211; Promoci\u00f3n de la Multiculturalidad: El campamento ser\u00e1 desarrollado por un equipo<\/p>\n\n\n\n<p>formado por 10 monitor@s provenientes de distintos pa\u00edses, que hablan ingl\u00e9s y son<\/p>\n\n\n\n<p>expertas en desarrollo de actividades infantiles y juveniles en ingl\u00e9s. De esta forma se<\/p>\n\n\n\n<p>promueve la multiculturalidad, la tolerancia, la apertura de mente desde edades<\/p>\n\n\n\n<p>tempranas y prevenimos comportamientos racistas o xen\u00f3fobos. De esta forma, en el<\/p>\n\n\n\n<p>aprendizaje informal tambi\u00e9n se incluyen aspectos como compartir nuestra cultura,<\/p>\n\n\n\n<p>dar a conocer la de otros pa\u00edses, conocer otros acentos y sobre todo, motivar el<\/p>\n\n\n\n<p>aprendizaje de ingl\u00e9s como forma de comunicaci\u00f3n.<\/p>\n\n\n\n<ul class=\"wp-block-list\">\n<li>La innovaci\u00f3n metodol\u00f3gica y la profesionalidad del personal laboral de IMAGINA que lidera las actividades de dinamizaci\u00f3n de ocio y tiempo libre.<\/li>\n<\/ul>\n\n\n\n<figure class=\"wp-block-gallery has-nested-images columns-default is-cropped wp-block-gallery-1 is-layout-flex wp-block-gallery-is-layout-flex\">\n<figure class=\"wp-block-image size-large\"><img fetchpriority=\"high\" decoding=\"async\" width=\"768\" height=\"1024\" data-id=\"1175\" src=\"https:\/\/asociacionimagina.com\/wp-content\/uploads\/2024\/03\/IMG_5880-768x1024.jpg\" alt=\"\" class=\"wp-image-1175\" srcset=\"https:\/\/asociacionimagina.com\/wp-content\/uploads\/2024\/03\/IMG_5880-768x1024.jpg 768w, https:\/\/asociacionimagina.com\/wp-content\/uploads\/2024\/03\/IMG_5880-225x300.jpg 225w, https:\/\/asociacionimagina.com\/wp-content\/uploads\/2024\/03\/IMG_5880-1152x1536.jpg 1152w, https:\/\/asociacionimagina.com\/wp-content\/uploads\/2024\/03\/IMG_5880-1536x2048.jpg 1536w, https:\/\/asociacionimagina.com\/wp-content\/uploads\/2024\/03\/IMG_5880-scaled.jpg 1920w\" sizes=\"(max-width: 768px) 100vw, 768px\" \/><\/figure>\n\n\n\n<figure class=\"wp-block-image size-large\"><img decoding=\"async\" width=\"1024\" height=\"768\" data-id=\"1173\" src=\"https:\/\/asociacionimagina.com\/wp-content\/uploads\/2024\/03\/WhatsApp-Image-2023-09-20-at-11.01.41-AM-1-1024x768.jpeg\" alt=\"\" class=\"wp-image-1173\" srcset=\"https:\/\/asociacionimagina.com\/wp-content\/uploads\/2024\/03\/WhatsApp-Image-2023-09-20-at-11.01.41-AM-1-1024x768.jpeg 1024w, https:\/\/asociacionimagina.com\/wp-content\/uploads\/2024\/03\/WhatsApp-Image-2023-09-20-at-11.01.41-AM-1-300x225.jpeg 300w, https:\/\/asociacionimagina.com\/wp-content\/uploads\/2024\/03\/WhatsApp-Image-2023-09-20-at-11.01.41-AM-1-768x576.jpeg 768w, https:\/\/asociacionimagina.com\/wp-content\/uploads\/2024\/03\/WhatsApp-Image-2023-09-20-at-11.01.41-AM-1.jpeg 1200w\" sizes=\"(max-width: 1024px) 100vw, 1024px\" \/><\/figure>\n\n\n\n<figure class=\"wp-block-image size-large\"><img decoding=\"async\" width=\"1024\" height=\"772\" data-id=\"1176\" src=\"https:\/\/asociacionimagina.com\/wp-content\/uploads\/2024\/03\/WhatsApp-Image-2023-09-20-at-11.01.42-AM-1024x772.jpeg\" alt=\"\" class=\"wp-image-1176\" srcset=\"https:\/\/asociacionimagina.com\/wp-content\/uploads\/2024\/03\/WhatsApp-Image-2023-09-20-at-11.01.42-AM-1024x772.jpeg 1024w, https:\/\/asociacionimagina.com\/wp-content\/uploads\/2024\/03\/WhatsApp-Image-2023-09-20-at-11.01.42-AM-300x226.jpeg 300w, https:\/\/asociacionimagina.com\/wp-content\/uploads\/2024\/03\/WhatsApp-Image-2023-09-20-at-11.01.42-AM-768x579.jpeg 768w, https:\/\/asociacionimagina.com\/wp-content\/uploads\/2024\/03\/WhatsApp-Image-2023-09-20-at-11.01.42-AM.jpeg 1440w\" sizes=\"(max-width: 1024px) 100vw, 1024px\" \/><\/figure>\n\n\n\n<figure class=\"wp-block-image size-large\"><img loading=\"lazy\" decoding=\"async\" width=\"1024\" height=\"768\" data-id=\"1174\" src=\"https:\/\/asociacionimagina.com\/wp-content\/uploads\/2024\/03\/87523913_560155667922855_5868569804889128960_n-1024x768.jpg\" alt=\"\" class=\"wp-image-1174\" srcset=\"https:\/\/asociacionimagina.com\/wp-content\/uploads\/2024\/03\/87523913_560155667922855_5868569804889128960_n-1024x768.jpg 1024w, https:\/\/asociacionimagina.com\/wp-content\/uploads\/2024\/03\/87523913_560155667922855_5868569804889128960_n-300x225.jpg 300w, https:\/\/asociacionimagina.com\/wp-content\/uploads\/2024\/03\/87523913_560155667922855_5868569804889128960_n-768x576.jpg 768w, https:\/\/asociacionimagina.com\/wp-content\/uploads\/2024\/03\/87523913_560155667922855_5868569804889128960_n-1536x1152.jpg 1536w, https:\/\/asociacionimagina.com\/wp-content\/uploads\/2024\/03\/87523913_560155667922855_5868569804889128960_n.jpg 2048w\" sizes=\"(max-width: 1024px) 100vw, 1024px\" \/><\/figure>\n\n\n\n<figure class=\"wp-block-image size-large\"><img loading=\"lazy\" decoding=\"async\" width=\"768\" height=\"1024\" data-id=\"1178\" src=\"https:\/\/asociacionimagina.com\/wp-content\/uploads\/2024\/03\/85137940_559572824647806_4669818005641756672_n-768x1024.jpg\" alt=\"\" class=\"wp-image-1178\" srcset=\"https:\/\/asociacionimagina.com\/wp-content\/uploads\/2024\/03\/85137940_559572824647806_4669818005641756672_n-768x1024.jpg 768w, https:\/\/asociacionimagina.com\/wp-content\/uploads\/2024\/03\/85137940_559572824647806_4669818005641756672_n-225x300.jpg 225w, https:\/\/asociacionimagina.com\/wp-content\/uploads\/2024\/03\/85137940_559572824647806_4669818005641756672_n-1152x1536.jpg 1152w, https:\/\/asociacionimagina.com\/wp-content\/uploads\/2024\/03\/85137940_559572824647806_4669818005641756672_n.jpg 1200w\" sizes=\"(max-width: 768px) 100vw, 768px\" \/><\/figure>\n\n\n\n<figure class=\"wp-block-image size-large\"><img loading=\"lazy\" decoding=\"async\" width=\"1024\" height=\"768\" data-id=\"1177\" src=\"https:\/\/asociacionimagina.com\/wp-content\/uploads\/2024\/03\/52647450_349219522349805_1683402694976339968_o-1024x768.jpg\" alt=\"\" class=\"wp-image-1177\" srcset=\"https:\/\/asociacionimagina.com\/wp-content\/uploads\/2024\/03\/52647450_349219522349805_1683402694976339968_o-1024x768.jpg 1024w, https:\/\/asociacionimagina.com\/wp-content\/uploads\/2024\/03\/52647450_349219522349805_1683402694976339968_o-300x225.jpg 300w, https:\/\/asociacionimagina.com\/wp-content\/uploads\/2024\/03\/52647450_349219522349805_1683402694976339968_o-768x576.jpg 768w, https:\/\/asociacionimagina.com\/wp-content\/uploads\/2024\/03\/52647450_349219522349805_1683402694976339968_o-1536x1153.jpg 1536w, https:\/\/asociacionimagina.com\/wp-content\/uploads\/2024\/03\/52647450_349219522349805_1683402694976339968_o.jpg 1599w\" sizes=\"(max-width: 1024px) 100vw, 1024px\" \/><\/figure>\n\n\n\n<figure class=\"wp-block-image size-large\"><img loading=\"lazy\" decoding=\"async\" width=\"1024\" height=\"768\" data-id=\"1179\" src=\"https:\/\/asociacionimagina.com\/wp-content\/uploads\/2024\/03\/53030431_350055602266197_8375124336721264640_o-1-1024x768.jpg\" alt=\"\" class=\"wp-image-1179\" srcset=\"https:\/\/asociacionimagina.com\/wp-content\/uploads\/2024\/03\/53030431_350055602266197_8375124336721264640_o-1-1024x768.jpg 1024w, https:\/\/asociacionimagina.com\/wp-content\/uploads\/2024\/03\/53030431_350055602266197_8375124336721264640_o-1-300x225.jpg 300w, https:\/\/asociacionimagina.com\/wp-content\/uploads\/2024\/03\/53030431_350055602266197_8375124336721264640_o-1-768x576.jpg 768w, https:\/\/asociacionimagina.com\/wp-content\/uploads\/2024\/03\/53030431_350055602266197_8375124336721264640_o-1-1536x1152.jpg 1536w, https:\/\/asociacionimagina.com\/wp-content\/uploads\/2024\/03\/53030431_350055602266197_8375124336721264640_o-1.jpg 1600w\" sizes=\"(max-width: 1024px) 100vw, 1024px\" \/><\/figure>\n<\/figure>\n","protected":false},"excerpt":{"rendered":"<p>Las actividades de dinamizaci\u00f3n infantil de Escuelas de Verano o Campamentos de Semana Blanca que IMAGINA ha desarrollado han tenido por objetivo crear un ambiente de aprendizaje l\u00fadico en el que ni\u00f1as y ni\u00f1os de \u00c1lora y de localidades cercanas puedan ser atendidas\/os durante los periodos vacacionales para contribuir a la conciliaci\u00f3n familiar y laboral [&hellip;]<\/p>\n","protected":false},"author":1,"featured_media":1232,"comment_status":"open","ping_status":"open","sticky":false,"template":"","format":"standard","meta":{"site-sidebar-layout":"default","site-content-layout":"","ast-site-content-layout":"default","site-content-style":"default","site-sidebar-style":"default","ast-global-header-display":"","ast-banner-title-visibility":"","ast-main-header-display":"","ast-hfb-above-header-display":"","ast-hfb-below-header-display":"","ast-hfb-mobile-header-display":"","site-post-title":"","ast-breadcrumbs-content":"","ast-featured-img":"","footer-sml-layout":"","ast-disable-related-posts":"","theme-transparent-header-meta":"","adv-header-id-meta":"","stick-header-meta":"","header-above-stick-meta":"","header-main-stick-meta":"","header-below-stick-meta":"","astra-migrate-meta-layouts":"default","ast-page-background-enabled":"default","ast-page-background-meta":{"desktop":{"background-color":"var(--ast-global-color-4)","background-image":"","background-repeat":"repeat","background-position":"center center","background-size":"auto","background-attachment":"scroll","background-type":"","background-media":"","overlay-type":"","overlay-color":"","overlay-opacity":"","overlay-gradient":""},"tablet":{"background-color":"","background-image":"","background-repeat":"repeat","background-position":"center center","background-size":"auto","background-attachment":"scroll","background-type":"","background-media":"","overlay-type":"","overlay-color":"","overlay-opacity":"","overlay-gradient":""},"mobile":{"background-color":"","background-image":"","background-repeat":"repeat","background-position":"center center","background-size":"auto","background-attachment":"scroll","background-type":"","background-media":"","overlay-type":"","overlay-color":"","overlay-opacity":"","overlay-gradient":""}},"ast-content-background-meta":{"desktop":{"background-color":"var(--ast-global-color-5)","background-image":"","background-repeat":"repeat","background-position":"center center","background-size":"auto","background-attachment":"scroll","background-type":"","background-media":"","overlay-type":"","overlay-color":"","overlay-opacity":"","overlay-gradient":""},"tablet":{"background-color":"var(--ast-global-color-5)","background-image":"","background-repeat":"repeat","background-position":"center center","background-size":"auto","background-attachment":"scroll","background-type":"","background-media":"","overlay-type":"","overlay-color":"","overlay-opacity":"","overlay-gradient":""},"mobile":{"background-color":"var(--ast-global-color-5)","background-image":"","background-repeat":"repeat","background-position":"center center","background-size":"auto","background-attachment":"scroll","background-type":"","background-media":"","overlay-type":"","overlay-color":"","overlay-opacity":"","overlay-gradient":""}},"footnotes":""},"categories":[16],"tags":[],"class_list":["post-1172","post","type-post","status-publish","format-standard","has-post-thumbnail","hentry","category-escuelas-de-verano"],"_links":{"self":[{"href":"https:\/\/asociacionimagina.com\/index.php\/wp-json\/wp\/v2\/posts\/1172","targetHints":{"allow":["GET"]}}],"collection":[{"href":"https:\/\/asociacionimagina.com\/index.php\/wp-json\/wp\/v2\/posts"}],"about":[{"href":"https:\/\/asociacionimagina.com\/index.php\/wp-json\/wp\/v2\/types\/post"}],"author":[{"embeddable":true,"href":"https:\/\/asociacionimagina.com\/index.php\/wp-json\/wp\/v2\/users\/1"}],"replies":[{"embeddable":true,"href":"https:\/\/asociacionimagina.com\/index.php\/wp-json\/wp\/v2\/comments?post=1172"}],"version-history":[{"count":1,"href":"https:\/\/asociacionimagina.com\/index.php\/wp-json\/wp\/v2\/posts\/1172\/revisions"}],"predecessor-version":[{"id":1180,"href":"https:\/\/asociacionimagina.com\/index.php\/wp-json\/wp\/v2\/posts\/1172\/revisions\/1180"}],"wp:featuredmedia":[{"embeddable":true,"href":"https:\/\/asociacionimagina.com\/index.php\/wp-json\/wp\/v2\/media\/1232"}],"wp:attachment":[{"href":"https:\/\/asociacionimagina.com\/index.php\/wp-json\/wp\/v2\/media?parent=1172"}],"wp:term":[{"taxonomy":"category","embeddable":true,"href":"https:\/\/asociacionimagina.com\/index.php\/wp-json\/wp\/v2\/categories?post=1172"},{"taxonomy":"post_tag","embeddable":true,"href":"https:\/\/asociacionimagina.com\/index.php\/wp-json\/wp\/v2\/tags?post=1172"}],"curies":[{"name":"wp","href":"https:\/\/api.w.org\/{rel}","templated":true}]}}