{"id":1181,"date":"2024-03-25T10:01:19","date_gmt":"2024-03-25T10:01:19","guid":{"rendered":"https:\/\/asocimagina.tiendaonlineconfactusol.com\/?p=1181"},"modified":"2024-03-25T10:01:19","modified_gmt":"2024-03-25T10:01:19","slug":"halloween-2","status":"publish","type":"post","link":"https:\/\/asociacionimagina.com\/index.php\/2024\/03\/25\/halloween-2\/","title":{"rendered":"Halloween"},"content":{"rendered":"\n<p>ACTIVIDAD DE DINAMIZACI\u00d3N INFANTIL Y JUVENIL CON MOTIVO DE LA CELEBRACI\u00d3N DE LA FIESTA DE HALLOWEEN.&nbsp;<\/p>\n\n\n\n<p>La fiesta de \u201cHalloween\u201d es una fiesta de origen anglosaj\u00f3n cuyo nombre indica \u201cv\u00edspera de todos los santos\u201d en espa\u00f1ol (All Hallows\u2019Eve), se celebra como sabemos el 31 de octubre pero tiene distintas tradiciones, leyendas y caracterizaciones en cada pa\u00eds.<\/p>\n\n\n\n<p>La fiesta de Halloween se ha ido introduciendo cada vez m\u00e1s en nuestro pa\u00eds y nuestros pueblos, desde hace aproximadamente una d\u00e9cada, de forma que ya muchas ni\u00f1as y ni\u00f1os la celebran y en casi todos los lugares hay fiestas de disfraces y pasajes del terror.&nbsp;<\/p>\n\n\n\n<p>Por todo ello, nuestras dinamizaciones de Halloween son l\u00fadico-educativo, de tal manera que realizamos juegos, cuentacuentos y actividades para pasarlo bien y celebrar halloween, pero tambi\u00e9n aprendemos m\u00e1s elementos sobre esta fiesta y&nbsp; contamos con un equipo internacional que nos permite conocer c\u00f3mo se celebra en los distintos pa\u00edses y cu\u00e1les son las palabras claves en distintos idiomas para recibir caramelos.<\/p>\n\n\n\n<figure class=\"wp-block-gallery has-nested-images columns-default is-cropped wp-block-gallery-1 is-layout-flex wp-block-gallery-is-layout-flex\">\n<figure class=\"wp-block-image size-large\"><img fetchpriority=\"high\" decoding=\"async\" width=\"565\" height=\"386\" data-id=\"1184\" src=\"https:\/\/asociacionimagina.com\/wp-content\/uploads\/2024\/03\/WhatsApp-Image-2023-09-20-at-11.48.13-AM.jpeg\" alt=\"\" class=\"wp-image-1184\" srcset=\"https:\/\/asociacionimagina.com\/wp-content\/uploads\/2024\/03\/WhatsApp-Image-2023-09-20-at-11.48.13-AM.jpeg 565w, https:\/\/asociacionimagina.com\/wp-content\/uploads\/2024\/03\/WhatsApp-Image-2023-09-20-at-11.48.13-AM-300x205.jpeg 300w\" sizes=\"(max-width: 565px) 100vw, 565px\" \/><\/figure>\n\n\n\n<figure class=\"wp-block-image size-large\"><img decoding=\"async\" width=\"565\" height=\"386\" data-id=\"1182\" src=\"https:\/\/asociacionimagina.com\/wp-content\/uploads\/2024\/03\/WhatsApp-Image-2023-09-20-at-11.48.12-AM-3.jpeg\" alt=\"\" class=\"wp-image-1182\" srcset=\"https:\/\/asociacionimagina.com\/wp-content\/uploads\/2024\/03\/WhatsApp-Image-2023-09-20-at-11.48.12-AM-3.jpeg 565w, https:\/\/asociacionimagina.com\/wp-content\/uploads\/2024\/03\/WhatsApp-Image-2023-09-20-at-11.48.12-AM-3-300x205.jpeg 300w\" sizes=\"(max-width: 565px) 100vw, 565px\" \/><\/figure>\n\n\n\n<figure class=\"wp-block-image size-large\"><img decoding=\"async\" width=\"563\" height=\"385\" data-id=\"1183\" src=\"https:\/\/asociacionimagina.com\/wp-content\/uploads\/2024\/03\/WhatsApp-Image-2023-09-20-at-11.48.12-AM.jpeg\" alt=\"\" class=\"wp-image-1183\" srcset=\"https:\/\/asociacionimagina.com\/wp-content\/uploads\/2024\/03\/WhatsApp-Image-2023-09-20-at-11.48.12-AM.jpeg 563w, https:\/\/asociacionimagina.com\/wp-content\/uploads\/2024\/03\/WhatsApp-Image-2023-09-20-at-11.48.12-AM-300x205.jpeg 300w\" sizes=\"(max-width: 563px) 100vw, 563px\" \/><\/figure>\n\n\n\n<figure class=\"wp-block-image size-large\"><img loading=\"lazy\" decoding=\"async\" width=\"1024\" height=\"702\" data-id=\"1186\" src=\"https:\/\/asociacionimagina.com\/wp-content\/uploads\/2024\/03\/WhatsApp-Image-2023-09-20-at-11.48.12-AM-2-1024x702.jpeg\" alt=\"\" class=\"wp-image-1186\" srcset=\"https:\/\/asociacionimagina.com\/wp-content\/uploads\/2024\/03\/WhatsApp-Image-2023-09-20-at-11.48.12-AM-2-1024x702.jpeg 1024w, https:\/\/asociacionimagina.com\/wp-content\/uploads\/2024\/03\/WhatsApp-Image-2023-09-20-at-11.48.12-AM-2-300x206.jpeg 300w, https:\/\/asociacionimagina.com\/wp-content\/uploads\/2024\/03\/WhatsApp-Image-2023-09-20-at-11.48.12-AM-2-768x526.jpeg 768w, https:\/\/asociacionimagina.com\/wp-content\/uploads\/2024\/03\/WhatsApp-Image-2023-09-20-at-11.48.12-AM-2.jpeg 1440w\" sizes=\"(max-width: 1024px) 100vw, 1024px\" \/><\/figure>\n\n\n\n<figure class=\"wp-block-image size-large\"><img loading=\"lazy\" decoding=\"async\" width=\"564\" height=\"385\" data-id=\"1185\" src=\"https:\/\/asociacionimagina.com\/wp-content\/uploads\/2024\/03\/WhatsApp-Image-2023-09-20-at-11.48.12-AM-1.jpeg\" alt=\"\" class=\"wp-image-1185\" srcset=\"https:\/\/asociacionimagina.com\/wp-content\/uploads\/2024\/03\/WhatsApp-Image-2023-09-20-at-11.48.12-AM-1.jpeg 564w, https:\/\/asociacionimagina.com\/wp-content\/uploads\/2024\/03\/WhatsApp-Image-2023-09-20-at-11.48.12-AM-1-300x205.jpeg 300w\" sizes=\"(max-width: 564px) 100vw, 564px\" \/><\/figure>\n\n\n\n\n\n<figure class=\"wp-block-image size-large\"><img loading=\"lazy\" decoding=\"async\" width=\"986\" height=\"675\" data-id=\"1187\" src=\"https:\/\/asociacionimagina.com\/wp-content\/uploads\/2024\/03\/WhatsApp-Image-2023-09-20-at-11.48.09-AM.jpeg\" alt=\"\" class=\"wp-image-1187\" srcset=\"https:\/\/asociacionimagina.com\/wp-content\/uploads\/2024\/03\/WhatsApp-Image-2023-09-20-at-11.48.09-AM.jpeg 986w, https:\/\/asociacionimagina.com\/wp-content\/uploads\/2024\/03\/WhatsApp-Image-2023-09-20-at-11.48.09-AM-300x205.jpeg 300w, https:\/\/asociacionimagina.com\/wp-content\/uploads\/2024\/03\/WhatsApp-Image-2023-09-20-at-11.48.09-AM-768x526.jpeg 768w\" sizes=\"(max-width: 986px) 100vw, 986px\" \/><\/figure>\n\n\n\n<figure class=\"wp-block-image size-large\"><img loading=\"lazy\" decoding=\"async\" width=\"565\" height=\"386\" data-id=\"1188\" src=\"https:\/\/asociacionimagina.com\/wp-content\/uploads\/2024\/03\/WhatsApp-Image-2023-09-20-at-11.48.10-AM.jpeg\" alt=\"\" class=\"wp-image-1188\" srcset=\"https:\/\/asociacionimagina.com\/wp-content\/uploads\/2024\/03\/WhatsApp-Image-2023-09-20-at-11.48.10-AM.jpeg 565w, https:\/\/asociacionimagina.com\/wp-content\/uploads\/2024\/03\/WhatsApp-Image-2023-09-20-at-11.48.10-AM-300x205.jpeg 300w\" sizes=\"(max-width: 565px) 100vw, 565px\" \/><\/figure>\n<\/figure>\n","protected":false},"excerpt":{"rendered":"<p>ACTIVIDAD DE DINAMIZACI\u00d3N INFANTIL Y JUVENIL CON MOTIVO DE LA CELEBRACI\u00d3N DE LA FIESTA DE HALLOWEEN.&nbsp; La fiesta de \u201cHalloween\u201d es una fiesta de origen anglosaj\u00f3n cuyo nombre indica \u201cv\u00edspera de todos los santos\u201d en espa\u00f1ol (All Hallows\u2019Eve), se celebra como sabemos el 31 de octubre pero tiene distintas tradiciones, leyendas y caracterizaciones en cada [&hellip;]<\/p>\n","protected":false},"author":1,"featured_media":1186,"comment_status":"open","ping_status":"open","sticky":false,"template":"","format":"standard","meta":{"site-sidebar-layout":"default","site-content-layout":"","ast-site-content-layout":"default","site-content-style":"default","site-sidebar-style":"default","ast-global-header-display":"","ast-banner-title-visibility":"","ast-main-header-display":"","ast-hfb-above-header-display":"","ast-hfb-below-header-display":"","ast-hfb-mobile-header-display":"","site-post-title":"","ast-breadcrumbs-content":"","ast-featured-img":"","footer-sml-layout":"","ast-disable-related-posts":"","theme-transparent-header-meta":"","adv-header-id-meta":"","stick-header-meta":"","header-above-stick-meta":"","header-main-stick-meta":"","header-below-stick-meta":"","astra-migrate-meta-layouts":"default","ast-page-background-enabled":"default","ast-page-background-meta":{"desktop":{"background-color":"var(--ast-global-color-4)","background-image":"","background-repeat":"repeat","background-position":"center center","background-size":"auto","background-attachment":"scroll","background-type":"","background-media":"","overlay-type":"","overlay-color":"","overlay-opacity":"","overlay-gradient":""},"tablet":{"background-color":"","background-image":"","background-repeat":"repeat","background-position":"center center","background-size":"auto","background-attachment":"scroll","background-type":"","background-media":"","overlay-type":"","overlay-color":"","overlay-opacity":"","overlay-gradient":""},"mobile":{"background-color":"","background-image":"","background-repeat":"repeat","background-position":"center center","background-size":"auto","background-attachment":"scroll","background-type":"","background-media":"","overlay-type":"","overlay-color":"","overlay-opacity":"","overlay-gradient":""}},"ast-content-background-meta":{"desktop":{"background-color":"var(--ast-global-color-5)","background-image":"","background-repeat":"repeat","background-position":"center center","background-size":"auto","background-attachment":"scroll","background-type":"","background-media":"","overlay-type":"","overlay-color":"","overlay-opacity":"","overlay-gradient":""},"tablet":{"background-color":"var(--ast-global-color-5)","background-image":"","background-repeat":"repeat","background-position":"center center","background-size":"auto","background-attachment":"scroll","background-type":"","background-media":"","overlay-type":"","overlay-color":"","overlay-opacity":"","overlay-gradient":""},"mobile":{"background-color":"var(--ast-global-color-5)","background-image":"","background-repeat":"repeat","background-position":"center center","background-size":"auto","background-attachment":"scroll","background-type":"","background-media":"","overlay-type":"","overlay-color":"","overlay-opacity":"","overlay-gradient":""}},"footnotes":""},"categories":[17],"tags":[],"class_list":["post-1181","post","type-post","status-publish","format-standard","has-post-thumbnail","hentry","category-fiestas-infantiles"],"_links":{"self":[{"href":"https:\/\/asociacionimagina.com\/index.php\/wp-json\/wp\/v2\/posts\/1181","targetHints":{"allow":["GET"]}}],"collection":[{"href":"https:\/\/asociacionimagina.com\/index.php\/wp-json\/wp\/v2\/posts"}],"about":[{"href":"https:\/\/asociacionimagina.com\/index.php\/wp-json\/wp\/v2\/types\/post"}],"author":[{"embeddable":true,"href":"https:\/\/asociacionimagina.com\/index.php\/wp-json\/wp\/v2\/users\/1"}],"replies":[{"embeddable":true,"href":"https:\/\/asociacionimagina.com\/index.php\/wp-json\/wp\/v2\/comments?post=1181"}],"version-history":[{"count":1,"href":"https:\/\/asociacionimagina.com\/index.php\/wp-json\/wp\/v2\/posts\/1181\/revisions"}],"predecessor-version":[{"id":1189,"href":"https:\/\/asociacionimagina.com\/index.php\/wp-json\/wp\/v2\/posts\/1181\/revisions\/1189"}],"wp:featuredmedia":[{"embeddable":true,"href":"https:\/\/asociacionimagina.com\/index.php\/wp-json\/wp\/v2\/media\/1186"}],"wp:attachment":[{"href":"https:\/\/asociacionimagina.com\/index.php\/wp-json\/wp\/v2\/media?parent=1181"}],"wp:term":[{"taxonomy":"category","embeddable":true,"href":"https:\/\/asociacionimagina.com\/index.php\/wp-json\/wp\/v2\/categories?post=1181"},{"taxonomy":"post_tag","embeddable":true,"href":"https:\/\/asociacionimagina.com\/index.php\/wp-json\/wp\/v2\/tags?post=1181"}],"curies":[{"name":"wp","href":"https:\/\/api.w.org\/{rel}","templated":true}]}}