{"id":169,"date":"2023-06-01T23:16:09","date_gmt":"2023-06-01T23:16:09","guid":{"rendered":"https:\/\/asocimagina.tiendaonlineconfactusol.com\/?p=169"},"modified":"2023-06-14T20:17:59","modified_gmt":"2023-06-14T20:17:59","slug":"partnering-for-refugees-europe-for-you","status":"publish","type":"post","link":"https:\/\/asociacionimagina.com\/index.php\/2023\/06\/01\/partnering-for-refugees-europe-for-you\/","title":{"rendered":"Partnering for refugees &#8211; Europe for you"},"content":{"rendered":"\n<figure class=\"wp-block-image alignfull size-full\"><img decoding=\"async\" width=\"213\" height=\"45\" src=\"https:\/\/asociacionimagina.com\/wp-content\/uploads\/2023\/06\/logo-eu4you-light-1-1.png\" alt=\"\" class=\"wp-image-173\"\/><\/figure>\n\n\n\n<p>Como sab\u00e9is, desde&nbsp;<a href=\"https:\/\/www.facebook.com\/hashtag\/imagina?source=feed_text&amp;epa=HASHTAG&amp;__xts__%5B0%5D=68.ARAGtBSFrZ5FlEMaQLwuo7AAtsomdvoKeS63U0aU3QwXCouXvMqN_7PBhWUqF2XFBUoriMU5XeIieIlV2VmOagg1wexFl9wTxp73E5pRhZxp8nYDZgNdwneIGYck2-axDxXBTqF2zWlY5QUJN_R5ymRhHcGmnETEHquuhCaE93h2gmcmKROt1obNcnsLKcuWK_ckVC7lm1AZkXAT1opgT-ES-e-f6F-PM1qQ8OX6bBp5tsaBEyyATDf1k6VmSAuAKFUIMck8SqwQpF1YCL_rupcht-mdq4ak6ehAiwYeLQEjiwx36SRU44T8xtMTEAFl1-sQBHw9UCohDeOFOpRxSnyNN9of8Mg&amp;__tn__=%2ANK-R\">#Imagina<\/a>&nbsp;trabajamos en red y creando sinergias con distintos proyectos y entidades del territorio! Esta vez, quer\u00edamos compartir con vosotr@s que nos hemos unido a un proyecto del&nbsp;<a href=\"https:\/\/www.facebook.com\/hashtag\/gdrvalledelguadalhorce?source=feed_text&amp;epa=HASHTAG&amp;__xts__%5B0%5D=68.ARAGtBSFrZ5FlEMaQLwuo7AAtsomdvoKeS63U0aU3QwXCouXvMqN_7PBhWUqF2XFBUoriMU5XeIieIlV2VmOagg1wexFl9wTxp73E5pRhZxp8nYDZgNdwneIGYck2-axDxXBTqF2zWlY5QUJN_R5ymRhHcGmnETEHquuhCaE93h2gmcmKROt1obNcnsLKcuWK_ckVC7lm1AZkXAT1opgT-ES-e-f6F-PM1qQ8OX6bBp5tsaBEyyATDf1k6VmSAuAKFUIMck8SqwQpF1YCL_rupcht-mdq4ak6ehAiwYeLQEjiwx36SRU44T8xtMTEAFl1-sQBHw9UCohDeOFOpRxSnyNN9of8Mg&amp;__tn__=%2ANK-R\">#GDRValledelGuadalhorce<\/a>&nbsp;llamado \u00abPartnering for Refugees, Europe for You\u00bb, una&nbsp;<a href=\"https:\/\/www.facebook.com\/hashtag\/ka2?source=feed_text&amp;epa=HASHTAG&amp;__xts__%5B0%5D=68.ARAGtBSFrZ5FlEMaQLwuo7AAtsomdvoKeS63U0aU3QwXCouXvMqN_7PBhWUqF2XFBUoriMU5XeIieIlV2VmOagg1wexFl9wTxp73E5pRhZxp8nYDZgNdwneIGYck2-axDxXBTqF2zWlY5QUJN_R5ymRhHcGmnETEHquuhCaE93h2gmcmKROt1obNcnsLKcuWK_ckVC7lm1AZkXAT1opgT-ES-e-f6F-PM1qQ8OX6bBp5tsaBEyyATDf1k6VmSAuAKFUIMck8SqwQpF1YCL_rupcht-mdq4ak6ehAiwYeLQEjiwx36SRU44T8xtMTEAFl1-sQBHw9UCohDeOFOpRxSnyNN9of8Mg&amp;__tn__=%2ANK-R\">#KA2<\/a>&nbsp;que han desarrollado para concienciar sobre la realidad de los movimientos migratorios.<br>Gracias a este proyecto, se ha creado una web con la informaci\u00f3n sobre el proyecto y con fotograf\u00edas de los dos intercambios juveniles que se han celebrado en el mismo en los que han participado j\u00f3venes de la comarca.<br>Si quieres saber un poco m\u00e1s, \u00e9chale un vistazo aqu\u00ed:<br><a rel=\"noreferrer noopener\" href=\"https:\/\/l.facebook.com\/l.php?u=http%3A%2F%2Fre-fresh.lu%2Fstrategic%2F%3Ffbclid%3DIwAR17lkbnqc3jqH8y6GO6uOXyS6wN-gHvkuERl5RHwCoTj6mrcmvyZhBYamg&amp;h=AT0uf-7LW879G3YFAvPYVH4Z2dXRaRKImqBGkUiftCf3CUlv2OQIECRAkBBYMe4PPoQXeXTJixK9V5c_Kn0nkolLuVc2Si_-xYa-2JuRt1LZmaUXsDn6xXc5Gtzy0dnqR93JgcPLxYMAj9hlTgV5eY6F16ZZ_3yN_iECRV3ew4q5GiRAOT9e0ZFJ0g6QqMloFc2S3ZWIQSyvapNK0FP9JmnLkIUz383H1s4e1KvrK9ww4pxsfzJHFFtcVxCtkPn6bCQcNTZeyTwuSA0I9RCszI_cVESK3Ou_U4m3ddwJWRKEoMqSfFg40dLomgKlmzlQXA-9djvKwha07G0SKFzy8mtWxerGFctSpmkwhwt5yfewVtvLug3n5TihW8juZzN1sM9y-aYDsflWX7CBroSvuzcNQo-ODtnMcLx7vlAv9yvxefMG2CcyK4_YQ7S3jltkM7lpPAZeZX5YqhGvzqFfW7ooVaj-iU9knVxVplXiqUvsHaz3TBjb6EEshB1qp4-JmLR_3UgDPd2MCwL55TIQogZ_a8PmFHClRgGucESOh9hXRFa3yb2a6hkUKa5g-0bUGCSdps0YROEr_D5Mx-smVwMktWGHIgdGJl_ayBtPMWkGozCKneQ04lPqDEbTbT5prtwxvYv4iWc\" target=\"_blank\">http:\/\/re-fresh.lu\/strategic\/<\/a><\/p>\n","protected":false},"excerpt":{"rendered":"<p>Como sab\u00e9is, desde&nbsp;#Imagina&nbsp;trabajamos en red y creando sinergias con distintos proyectos y entidades del territorio! Esta vez, quer\u00edamos compartir con vosotr@s que nos hemos unido a un proyecto del&nbsp;#GDRValledelGuadalhorce&nbsp;llamado \u00abPartnering for Refugees, Europe for You\u00bb, una&nbsp;#KA2&nbsp;que han desarrollado para concienciar sobre la realidad de los movimientos migratorios.Gracias a este proyecto, se ha creado una web [&hellip;]<\/p>\n","protected":false},"author":1,"featured_media":170,"comment_status":"open","ping_status":"open","sticky":false,"template":"","format":"standard","meta":{"site-sidebar-layout":"default","site-content-layout":"","ast-site-content-layout":"default","site-content-style":"default","site-sidebar-style":"default","ast-global-header-display":"","ast-banner-title-visibility":"","ast-main-header-display":"","ast-hfb-above-header-display":"","ast-hfb-below-header-display":"","ast-hfb-mobile-header-display":"","site-post-title":"","ast-breadcrumbs-content":"","ast-featured-img":"","footer-sml-layout":"","ast-disable-related-posts":"","theme-transparent-header-meta":"","adv-header-id-meta":"","stick-header-meta":"","header-above-stick-meta":"","header-main-stick-meta":"","header-below-stick-meta":"","astra-migrate-meta-layouts":"default","ast-page-background-enabled":"default","ast-page-background-meta":{"desktop":{"background-color":"var(--ast-global-color-4)","background-image":"","background-repeat":"repeat","background-position":"center center","background-size":"auto","background-attachment":"scroll","background-type":"","background-media":"","overlay-type":"","overlay-color":"","overlay-opacity":"","overlay-gradient":""},"tablet":{"background-color":"","background-image":"","background-repeat":"repeat","background-position":"center center","background-size":"auto","background-attachment":"scroll","background-type":"","background-media":"","overlay-type":"","overlay-color":"","overlay-opacity":"","overlay-gradient":""},"mobile":{"background-color":"","background-image":"","background-repeat":"repeat","background-position":"center center","background-size":"auto","background-attachment":"scroll","background-type":"","background-media":"","overlay-type":"","overlay-color":"","overlay-opacity":"","overlay-gradient":""}},"ast-content-background-meta":{"desktop":{"background-color":"var(--ast-global-color-5)","background-image":"","background-repeat":"repeat","background-position":"center center","background-size":"auto","background-attachment":"scroll","background-type":"","background-media":"","overlay-type":"","overlay-color":"","overlay-opacity":"","overlay-gradient":""},"tablet":{"background-color":"var(--ast-global-color-5)","background-image":"","background-repeat":"repeat","background-position":"center center","background-size":"auto","background-attachment":"scroll","background-type":"","background-media":"","overlay-type":"","overlay-color":"","overlay-opacity":"","overlay-gradient":""},"mobile":{"background-color":"var(--ast-global-color-5)","background-image":"","background-repeat":"repeat","background-position":"center center","background-size":"auto","background-attachment":"scroll","background-type":"","background-media":"","overlay-type":"","overlay-color":"","overlay-opacity":"","overlay-gradient":""}},"footnotes":""},"categories":[10],"tags":[],"class_list":["post-169","post","type-post","status-publish","format-standard","has-post-thumbnail","hentry","category-noticias"],"_links":{"self":[{"href":"https:\/\/asociacionimagina.com\/index.php\/wp-json\/wp\/v2\/posts\/169","targetHints":{"allow":["GET"]}}],"collection":[{"href":"https:\/\/asociacionimagina.com\/index.php\/wp-json\/wp\/v2\/posts"}],"about":[{"href":"https:\/\/asociacionimagina.com\/index.php\/wp-json\/wp\/v2\/types\/post"}],"author":[{"embeddable":true,"href":"https:\/\/asociacionimagina.com\/index.php\/wp-json\/wp\/v2\/users\/1"}],"replies":[{"embeddable":true,"href":"https:\/\/asociacionimagina.com\/index.php\/wp-json\/wp\/v2\/comments?post=169"}],"version-history":[{"count":3,"href":"https:\/\/asociacionimagina.com\/index.php\/wp-json\/wp\/v2\/posts\/169\/revisions"}],"predecessor-version":[{"id":682,"href":"https:\/\/asociacionimagina.com\/index.php\/wp-json\/wp\/v2\/posts\/169\/revisions\/682"}],"wp:featuredmedia":[{"embeddable":true,"href":"https:\/\/asociacionimagina.com\/index.php\/wp-json\/wp\/v2\/media\/170"}],"wp:attachment":[{"href":"https:\/\/asociacionimagina.com\/index.php\/wp-json\/wp\/v2\/media?parent=169"}],"wp:term":[{"taxonomy":"category","embeddable":true,"href":"https:\/\/asociacionimagina.com\/index.php\/wp-json\/wp\/v2\/categories?post=169"},{"taxonomy":"post_tag","embeddable":true,"href":"https:\/\/asociacionimagina.com\/index.php\/wp-json\/wp\/v2\/tags?post=169"}],"curies":[{"name":"wp","href":"https:\/\/api.w.org\/{rel}","templated":true}]}}