{"id":701,"date":"2023-06-14T20:42:44","date_gmt":"2023-06-14T20:42:44","guid":{"rendered":"https:\/\/asocimagina.tiendaonlineconfactusol.com\/?p=701"},"modified":"2024-03-25T10:11:23","modified_gmt":"2024-03-25T10:11:23","slug":"artequeando-2019","status":"publish","type":"post","link":"https:\/\/asociacionimagina.com\/index.php\/2023\/06\/14\/artequeando-2019\/","title":{"rendered":"ARTEQUEANDO 2019"},"content":{"rendered":"\n<h2 class=\"wp-block-heading has-text-align-center has-text-color has-x-large-font-size\" style=\"color:#c5056d\"><em>ARTEQUEANDO 2019<\/em><\/h2>\n\n\n\n<p class=\"has-text-color has-large-font-size\" style=\"color:#017eb8\"><strong><strong>ESPACIOS DE SOCIALIZACION Y APRENDIZAJE<\/strong><\/strong><\/p>\n\n\n\n<p>ARTEQUEANDO fue un proyecto promovido por la Asociaci\u00f3n IMAGINA, que se enmarca en el programa de entidades del tercer sector para la ejecuci\u00f3n de proyectos de atenci\u00f3n a la ciudadan\u00eda en la provincia de M\u00e1laga 2019 del \u00e1rea de Participaci\u00f3n y Cooperaci\u00f3n Internacional de la Diputaci\u00f3n Provincial de M\u00e1laga.<\/p>\n\n\n\n<p>El objetivo del proyecto fue crear ESPACIOS DE SOCIALIZACI\u00d3N Y APRENDIZAJE en \u00c1lora, Pizarra y Almog\u00eda a trav\u00e9s del ARTE, para atender las necesidades de personas con diversidad funcional j\u00f3venes y adultas a partir de 16 a\u00f1os, promoviendo sus habilidades sociales, de expresi\u00f3n y de emprendimiento.<\/p>\n\n\n\n<p>ARTEQUEANDO desarroll\u00f3 actividades que ayudaban a las y los participantes a ser m\u00e1s independientes, a adquirir habilidades para su inclusi\u00f3n en el \u00e1mbito laboral y facilitar a las familias un tiempo libre para atender otros asuntos, apoy\u00e1ndoles en su continua labor de cuidados. Para todo ello se trabaj\u00f3 con una metodolog\u00eda innovadora a trav\u00e9s del arte.&nbsp;<\/p>\n\n\n\n<p>El proyecto se llev\u00f3 a cabo por medio de dos vertientes:<\/p>\n\n\n\n<ol class=\"wp-block-list\" type=\"1\" start=\"1\">\n<li>Trabajar el cuerpo, psicomotricidad gruesa por medio de la danza en sus diferentes estilos aunque centr\u00e1ndose m\u00e1s en la modalidad del flamenco.<\/li>\n<\/ol>\n\n\n\n<p>Trabajar la psicomotricidad fina por medio de actividades manuales para crear elementos de merchandising como puede ser flores, broches y peinas, para favorecer la continuidad de esta iniciativa en los municipios y facilitar la inserci\u00f3n en el mundo laboral.<\/p>\n","protected":false},"excerpt":{"rendered":"<p>ARTEQUEANDO 2019 ESPACIOS DE SOCIALIZACION Y APRENDIZAJE ARTEQUEANDO fue un proyecto promovido por la Asociaci\u00f3n IMAGINA, que se enmarca en el programa de entidades del tercer sector para la ejecuci\u00f3n de proyectos de atenci\u00f3n a la ciudadan\u00eda en la provincia de M\u00e1laga 2019 del \u00e1rea de Participaci\u00f3n y Cooperaci\u00f3n Internacional de la Diputaci\u00f3n Provincial de [&hellip;]<\/p>\n","protected":false},"author":1,"featured_media":703,"comment_status":"open","ping_status":"open","sticky":false,"template":"","format":"standard","meta":{"site-sidebar-layout":"default","site-content-layout":"","ast-site-content-layout":"default","site-content-style":"default","site-sidebar-style":"default","ast-global-header-display":"","ast-banner-title-visibility":"","ast-main-header-display":"","ast-hfb-above-header-display":"","ast-hfb-below-header-display":"","ast-hfb-mobile-header-display":"","site-post-title":"","ast-breadcrumbs-content":"","ast-featured-img":"","footer-sml-layout":"","ast-disable-related-posts":"","theme-transparent-header-meta":"","adv-header-id-meta":"","stick-header-meta":"","header-above-stick-meta":"","header-main-stick-meta":"","header-below-stick-meta":"","astra-migrate-meta-layouts":"default","ast-page-background-enabled":"default","ast-page-background-meta":{"desktop":{"background-color":"var(--ast-global-color-4)","background-image":"","background-repeat":"repeat","background-position":"center center","background-size":"auto","background-attachment":"scroll","background-type":"","background-media":"","overlay-type":"","overlay-color":"","overlay-opacity":"","overlay-gradient":""},"tablet":{"background-color":"","background-image":"","background-repeat":"repeat","background-position":"center center","background-size":"auto","background-attachment":"scroll","background-type":"","background-media":"","overlay-type":"","overlay-color":"","overlay-opacity":"","overlay-gradient":""},"mobile":{"background-color":"","background-image":"","background-repeat":"repeat","background-position":"center center","background-size":"auto","background-attachment":"scroll","background-type":"","background-media":"","overlay-type":"","overlay-color":"","overlay-opacity":"","overlay-gradient":""}},"ast-content-background-meta":{"desktop":{"background-color":"var(--ast-global-color-5)","background-image":"","background-repeat":"repeat","background-position":"center center","background-size":"auto","background-attachment":"scroll","background-type":"","background-media":"","overlay-type":"","overlay-color":"","overlay-opacity":"","overlay-gradient":""},"tablet":{"background-color":"var(--ast-global-color-5)","background-image":"","background-repeat":"repeat","background-position":"center center","background-size":"auto","background-attachment":"scroll","background-type":"","background-media":"","overlay-type":"","overlay-color":"","overlay-opacity":"","overlay-gradient":""},"mobile":{"background-color":"var(--ast-global-color-5)","background-image":"","background-repeat":"repeat","background-position":"center center","background-size":"auto","background-attachment":"scroll","background-type":"","background-media":"","overlay-type":"","overlay-color":"","overlay-opacity":"","overlay-gradient":""}},"footnotes":""},"categories":[],"tags":[],"class_list":["post-701","post","type-post","status-publish","format-standard","has-post-thumbnail","hentry"],"_links":{"self":[{"href":"https:\/\/asociacionimagina.com\/index.php\/wp-json\/wp\/v2\/posts\/701","targetHints":{"allow":["GET"]}}],"collection":[{"href":"https:\/\/asociacionimagina.com\/index.php\/wp-json\/wp\/v2\/posts"}],"about":[{"href":"https:\/\/asociacionimagina.com\/index.php\/wp-json\/wp\/v2\/types\/post"}],"author":[{"embeddable":true,"href":"https:\/\/asociacionimagina.com\/index.php\/wp-json\/wp\/v2\/users\/1"}],"replies":[{"embeddable":true,"href":"https:\/\/asociacionimagina.com\/index.php\/wp-json\/wp\/v2\/comments?post=701"}],"version-history":[{"count":1,"href":"https:\/\/asociacionimagina.com\/index.php\/wp-json\/wp\/v2\/posts\/701\/revisions"}],"predecessor-version":[{"id":702,"href":"https:\/\/asociacionimagina.com\/index.php\/wp-json\/wp\/v2\/posts\/701\/revisions\/702"}],"wp:featuredmedia":[{"embeddable":true,"href":"https:\/\/asociacionimagina.com\/index.php\/wp-json\/wp\/v2\/media\/703"}],"wp:attachment":[{"href":"https:\/\/asociacionimagina.com\/index.php\/wp-json\/wp\/v2\/media?parent=701"}],"wp:term":[{"taxonomy":"category","embeddable":true,"href":"https:\/\/asociacionimagina.com\/index.php\/wp-json\/wp\/v2\/categories?post=701"},{"taxonomy":"post_tag","embeddable":true,"href":"https:\/\/asociacionimagina.com\/index.php\/wp-json\/wp\/v2\/tags?post=701"}],"curies":[{"name":"wp","href":"https:\/\/api.w.org\/{rel}","templated":true}]}}