{"id":715,"date":"2023-06-14T23:10:49","date_gmt":"2023-06-14T23:10:49","guid":{"rendered":"https:\/\/asocimagina.tiendaonlineconfactusol.com\/?p=715"},"modified":"2024-03-25T10:20:12","modified_gmt":"2024-03-25T10:20:12","slug":"acct-for-change","status":"publish","type":"post","link":"https:\/\/asociacionimagina.com\/index.php\/2023\/06\/14\/acct-for-change\/","title":{"rendered":"ACCT for Change!"},"content":{"rendered":"\n<h2 class=\"wp-block-heading has-text-align-center has-text-color has-x-large-font-size\" style=\"color:#c5056d\"><strong>ACCT for Change!<\/strong><\/h2>\n\n\n\n<p class=\"has-text-color has-large-font-size\" style=\"color:#017eb8\"><strong>Anti-racism and Civic Courage Training (ACCT)<\/strong><\/p>\n\n\n\n<p><strong>Anti-racism and Civic Courage Training (ACCT) <\/strong>o en espa\u00f1ol, Formaci\u00f3n contra el racismo y por el coraje c\u00edvico, es un proyecto transnacional que tiene como principales objetivos la disminuci\u00f3n de la discriminaci\u00f3n, incluida la discriminaci\u00f3n multidimensional y el racismo, la xenofobia y otras formas de intolerancia. Las entidades socias tambi\u00e9n tienen como objetivo combatir los delitos de odio y la incitaci\u00f3n al odio en toda la Uni\u00f3n Europea.<\/p>\n\n\n\n<p>Este proyecto ha comenzado con una reuni\u00f3n de inicio o \u201cKick off Meeting\u201d que ha tenido lugar los d\u00edas 25 y 26 de enero de 2023,&nbsp; en Berl\u00edn, en la que las entidades socias del proyecto de Berl\u00edn, Hamburgo, Copenhague, \u00c1lora, Sof\u00eda y Beatnik se han dado cita para sentar las bases de este proyecto.<\/p>\n\n\n\n<p><strong>FOTO KICK OFF MEETING<\/strong><\/p>\n\n\n\n<p>Durante esta reuni\u00f3n, el consorcio tuvo la oportunidad de conocerse mejor y fijar las prioridades de actuaci\u00f3n para la vida del proyecto, los pr\u00f3ximos 24 meses. ACCT prev\u00e9 prevenir y combatir la intolerancia, el racismo, la xenofobia y la discriminaci\u00f3n expresada en formas de antisemitismo, odio antimusulm\u00e1n, discriminaci\u00f3n antigitana y otras formas de prejuicio en las comunidades rurales de toda la UE.<\/p>\n\n\n\n<p>Para lograr estos objetivos, ACCT une a personas de diversos or\u00edgenes y tipos de entidades, como organizaciones de la sociedad civil, activistas y l\u00edderes comunitarios, para realizar formaciones sobre \u201cCoraje C\u00edvico\u201d. Estas formaciones est\u00e1n dise\u00f1adas para establecer un espacio seguro de contacto entre grupos que se ven afectados directa y negativamente por diferentes tipos de discriminaci\u00f3n y tambi\u00e9n personas que no se ven afectadas directamente pero desean formarse para luchar contra estas formas de discriminaci\u00f3n.<\/p>\n\n\n\n<p>Las personas participantes en estas formaciones transnacionale mejorar\u00e1n sus capacidades para para reducir los prejuicios contra los grupos marginados en las comunidades en las que viven, adem\u00e1s de practicar la valent\u00eda c\u00edvica todos los d\u00edas. Al mismo tiempo, las personas participantes que enfrentan pr\u00e1cticas e incidentes discriminatorios en las comunidades rurales adquirir\u00e1n herramientas y habilidades que fomentar\u00e1n su empoderamiento para crear espacios seguros de inclusi\u00f3n.<\/p>\n\n\n\n<p>Durante los pr\u00f3ximos meses, el consorcio trabajar\u00e1 en el dise\u00f1o y prueba de las formaciones antes de comenzar a ofrecerlas a las comunidades.<\/p>\n\n\n\n<p>ACCT es un proyecto financiado por la UE que se compromete con la prioridad de la convocatoria CERV \u00abLucha contra la intolerancia, el racismo, la xenofobia, la discriminaci\u00f3n, el discurso de odio y los delitos motivados por el odio\u00bb.<\/p>\n\n\n\n<p><strong>El consorcio de ACCT est\u00e1 formado por:<\/strong><\/p>\n\n\n\n<p>Red de Investigaci\u00f3n Comparada (Berl\u00edn, Alemania)<\/p>\n\n\n\n<p>Iniciativa Perspekt (Hamburgo, Alemania)<\/p>\n\n\n\n<p>Crossing Borders (Copenhague, Dinamarca)<\/p>\n\n\n\n<p>Imagina (\u00c1lora, Espa\u00f1a)<\/p>\n\n\n\n<p>Stowarzyszenie \u00abDla Ziemi\u00bb (Bratnik, Polonia)<\/p>\n\n\n\n<p>Asociaci\u00f3n de Refugiados y Migrantes &#8211; Bulgaria (Sof\u00eda, Bulgaria)<\/p>\n\n\n\n<p>Toda la informaci\u00f3n de este proyecto as\u00ed como los contenidos de las formaciones y buenas pr\u00e1cticas agrupadas por las entidades participantes se pondr\u00e1n a disposici\u00f3n en una plataforma web creada para el proyecto que compartiremos tan pronto como est\u00e9 disponible.<\/p>\n","protected":false},"excerpt":{"rendered":"<p>ACCT for Change! Anti-racism and Civic Courage Training (ACCT) Anti-racism and Civic Courage Training (ACCT) o en espa\u00f1ol, Formaci\u00f3n contra el racismo y por el coraje c\u00edvico, es un proyecto transnacional que tiene como principales objetivos la disminuci\u00f3n de la discriminaci\u00f3n, incluida la discriminaci\u00f3n multidimensional y el racismo, la xenofobia y otras formas de intolerancia. [&hellip;]<\/p>\n","protected":false},"author":1,"featured_media":627,"comment_status":"open","ping_status":"open","sticky":false,"template":"","format":"standard","meta":{"site-sidebar-layout":"default","site-content-layout":"","ast-site-content-layout":"default","site-content-style":"default","site-sidebar-style":"default","ast-global-header-display":"","ast-banner-title-visibility":"","ast-main-header-display":"","ast-hfb-above-header-display":"","ast-hfb-below-header-display":"","ast-hfb-mobile-header-display":"","site-post-title":"","ast-breadcrumbs-content":"","ast-featured-img":"","footer-sml-layout":"","ast-disable-related-posts":"","theme-transparent-header-meta":"","adv-header-id-meta":"","stick-header-meta":"","header-above-stick-meta":"","header-main-stick-meta":"","header-below-stick-meta":"","astra-migrate-meta-layouts":"default","ast-page-background-enabled":"default","ast-page-background-meta":{"desktop":{"background-color":"var(--ast-global-color-4)","background-image":"","background-repeat":"repeat","background-position":"center center","background-size":"auto","background-attachment":"scroll","background-type":"","background-media":"","overlay-type":"","overlay-color":"","overlay-opacity":"","overlay-gradient":""},"tablet":{"background-color":"","background-image":"","background-repeat":"repeat","background-position":"center center","background-size":"auto","background-attachment":"scroll","background-type":"","background-media":"","overlay-type":"","overlay-color":"","overlay-opacity":"","overlay-gradient":""},"mobile":{"background-color":"","background-image":"","background-repeat":"repeat","background-position":"center center","background-size":"auto","background-attachment":"scroll","background-type":"","background-media":"","overlay-type":"","overlay-color":"","overlay-opacity":"","overlay-gradient":""}},"ast-content-background-meta":{"desktop":{"background-color":"var(--ast-global-color-5)","background-image":"","background-repeat":"repeat","background-position":"center center","background-size":"auto","background-attachment":"scroll","background-type":"","background-media":"","overlay-type":"","overlay-color":"","overlay-opacity":"","overlay-gradient":""},"tablet":{"background-color":"var(--ast-global-color-5)","background-image":"","background-repeat":"repeat","background-position":"center center","background-size":"auto","background-attachment":"scroll","background-type":"","background-media":"","overlay-type":"","overlay-color":"","overlay-opacity":"","overlay-gradient":""},"mobile":{"background-color":"var(--ast-global-color-5)","background-image":"","background-repeat":"repeat","background-position":"center center","background-size":"auto","background-attachment":"scroll","background-type":"","background-media":"","overlay-type":"","overlay-color":"","overlay-opacity":"","overlay-gradient":""}},"footnotes":""},"categories":[],"tags":[],"class_list":["post-715","post","type-post","status-publish","format-standard","has-post-thumbnail","hentry"],"_links":{"self":[{"href":"https:\/\/asociacionimagina.com\/index.php\/wp-json\/wp\/v2\/posts\/715","targetHints":{"allow":["GET"]}}],"collection":[{"href":"https:\/\/asociacionimagina.com\/index.php\/wp-json\/wp\/v2\/posts"}],"about":[{"href":"https:\/\/asociacionimagina.com\/index.php\/wp-json\/wp\/v2\/types\/post"}],"author":[{"embeddable":true,"href":"https:\/\/asociacionimagina.com\/index.php\/wp-json\/wp\/v2\/users\/1"}],"replies":[{"embeddable":true,"href":"https:\/\/asociacionimagina.com\/index.php\/wp-json\/wp\/v2\/comments?post=715"}],"version-history":[{"count":2,"href":"https:\/\/asociacionimagina.com\/index.php\/wp-json\/wp\/v2\/posts\/715\/revisions"}],"predecessor-version":[{"id":932,"href":"https:\/\/asociacionimagina.com\/index.php\/wp-json\/wp\/v2\/posts\/715\/revisions\/932"}],"wp:featuredmedia":[{"embeddable":true,"href":"https:\/\/asociacionimagina.com\/index.php\/wp-json\/wp\/v2\/media\/627"}],"wp:attachment":[{"href":"https:\/\/asociacionimagina.com\/index.php\/wp-json\/wp\/v2\/media?parent=715"}],"wp:term":[{"taxonomy":"category","embeddable":true,"href":"https:\/\/asociacionimagina.com\/index.php\/wp-json\/wp\/v2\/categories?post=715"},{"taxonomy":"post_tag","embeddable":true,"href":"https:\/\/asociacionimagina.com\/index.php\/wp-json\/wp\/v2\/tags?post=715"}],"curies":[{"name":"wp","href":"https:\/\/api.w.org\/{rel}","templated":true}]}}